{"id":125952,"date":"2021-09-03T09:56:57","date_gmt":"2021-09-03T13:56:57","guid":{"rendered":"https:\/\/linitiative.ca\/International\/nucleaire-le-maroc-et-la-hongrie-renforcent-leur-cooperation-en-matiere-de-formation\/"},"modified":"2021-09-03T09:56:57","modified_gmt":"2021-09-03T13:56:57","slug":"nucleaire-le-maroc-et-la-hongrie-renforcent-leur-cooperation-en-matiere-de-formation","status":"publish","type":"post","link":"https:\/\/linitiative.ca\/International\/nucleaire-le-maroc-et-la-hongrie-renforcent-leur-cooperation-en-matiere-de-formation\/","title":{"rendered":"Nucl\u00e9aire: Le Maroc et la Hongrie renforcent leur coop\u00e9ration en mati\u00e8re de formation"},"content":{"rendered":"<div>\n<div class=\"field field-name-body field-type-text-with-summary field-label-hidden\">\n<div class=\"field-items\">\n<div class=\"field-item even\" property=\"content:encoded\">\n<p class=\"rtejustify\">Le Maroc et la Hongrie vont renforcer leur coop\u00e9ration en mati\u00e8re d&rsquo;\u00e9ducation et de formation sur les utilisations pacifiques de l&rsquo;\u00e9nergie nucl\u00e9aire. Un m\u00e9morandum d&rsquo;entente a \u00e9t\u00e9 sign\u00e9, dans ce sens, vendredi \u00e0 Rabat, entre le minist\u00e8re de l\u2019\u00c9nergie, des Mines et de l&rsquo;Environnement et le minist\u00e8re hongrois de l&rsquo;Innovation et de la Technologie.<\/p>\n<\/div>\n<\/div>\n<\/div>\n<\/div>\n<p>Auteur: hgueye<br \/>\n<a href=\"https:\/\/www.leconomiste.com\/flash-infos\/nucleaire-le-maroc-et-la-hongrie-renforcent-leur-cooperation-en-matiere-de-formation\">Cliquez ici pour lire l&rsquo;article depuis sa source.<\/a><\/p>\n","protected":false},"excerpt":{"rendered":"<p>Le Maroc et la Hongrie vont renforcer leur coop\u00e9ration en mati\u00e8re d&rsquo;\u00e9ducation et de formation sur les utilisations pacifiques de l&rsquo;\u00e9nergie nucl\u00e9aire. Un m\u00e9morandum d&rsquo;entente a \u00e9t\u00e9 sign\u00e9, dans ce sens, vendredi \u00e0 Rabat, entre le minist\u00e8re de l\u2019\u00c9nergie, des Mines et de l&rsquo;Environnement et le minist\u00e8re hongrois de l&rsquo;Innovation et de la Technologie. Auteur: [&hellip;]<\/p>\n","protected":false},"author":1763,"featured_media":0,"comment_status":"closed","ping_status":"closed","sticky":false,"template":"","format":"standard","meta":{"fifu_image_url":"","fifu_image_alt":"","footnotes":""},"categories":[78,54],"tags":[],"class_list":["post-125952","post","type-post","status-publish","format-standard","hentry","category-economie","category-maroc"],"_links":{"self":[{"href":"https:\/\/linitiative.ca\/International\/wp-json\/wp\/v2\/posts\/125952","targetHints":{"allow":["GET"]}}],"collection":[{"href":"https:\/\/linitiative.ca\/International\/wp-json\/wp\/v2\/posts"}],"about":[{"href":"https:\/\/linitiative.ca\/International\/wp-json\/wp\/v2\/types\/post"}],"author":[{"embeddable":true,"href":"https:\/\/linitiative.ca\/International\/wp-json\/wp\/v2\/users\/1763"}],"replies":[{"embeddable":true,"href":"https:\/\/linitiative.ca\/International\/wp-json\/wp\/v2\/comments?post=125952"}],"version-history":[{"count":0,"href":"https:\/\/linitiative.ca\/International\/wp-json\/wp\/v2\/posts\/125952\/revisions"}],"wp:attachment":[{"href":"https:\/\/linitiative.ca\/International\/wp-json\/wp\/v2\/media?parent=125952"}],"wp:term":[{"taxonomy":"category","embeddable":true,"href":"https:\/\/linitiative.ca\/International\/wp-json\/wp\/v2\/categories?post=125952"},{"taxonomy":"post_tag","embeddable":true,"href":"https:\/\/linitiative.ca\/International\/wp-json\/wp\/v2\/tags?post=125952"}],"curies":[{"name":"wp","href":"https:\/\/api.w.org\/{rel}","templated":true}]}}