{"id":125953,"date":"2021-09-03T10:30:20","date_gmt":"2021-09-03T14:30:20","guid":{"rendered":"https:\/\/linitiative.ca\/International\/en-images-la-campagne-electorale-bat-son-plein-a-fes\/"},"modified":"2021-09-03T10:30:20","modified_gmt":"2021-09-03T14:30:20","slug":"en-images-la-campagne-electorale-bat-son-plein-a-fes","status":"publish","type":"post","link":"https:\/\/linitiative.ca\/International\/en-images-la-campagne-electorale-bat-son-plein-a-fes\/","title":{"rendered":"EN IMAGES\/ La campagne \u00e9lectorale bat son plein \u00e0 F\u00e8s"},"content":{"rendered":"<div>\n<div class=\"field field-name-body field-type-text-with-summary field-label-hidden\">\n<div class=\"field-items\">\n<div class=\"field-item even\" property=\"content:encoded\">\n<p class=\"rtejustify\">Les candidats des diff\u00e9rents partis politiques mettent les bouch\u00e9es doubles pour s\u00e9duire l&rsquo;\u00e9lectorat de la ville de F\u00e8s. Qualifi\u00e9e de laboratoire politique, la capitale spirituelle est anim\u00e9e par la campagne \u00e9lectorale&#8230; Une aubaine pour les jeunes en qu\u00eate d&#8217;emploi \u00ab\u00a0saisonnier\u00a0\u00bb, en attendant le vrai d\u00e9clic d&rsquo;une r\u00e9industrialisation vivement souhait\u00e9e par les habitants, des projets d&rsquo;envergure et une renaissance de l&rsquo;\u00e9conomie aujourd&rsquo;hui au point mort, surtout apr\u00e8s la crise sanitaire du Covid-19.<\/p>\n<\/div>\n<\/div>\n<\/div>\n<\/div>\n<p>Auteur: hgueye<br \/>\n<a href=\"https:\/\/www.leconomiste.com\/flash-infos\/en-images-la-campagne-electorale-bat-son-plein-fes\">Cliquez ici pour lire l&rsquo;article depuis sa source.<\/a><\/p>\n","protected":false},"excerpt":{"rendered":"<p>Les candidats des diff\u00e9rents partis politiques mettent les bouch\u00e9es doubles pour s\u00e9duire l&rsquo;\u00e9lectorat de la ville de F\u00e8s. Qualifi\u00e9e de laboratoire politique, la capitale spirituelle est anim\u00e9e par la campagne \u00e9lectorale&#8230; Une aubaine pour les jeunes en qu\u00eate d&#8217;emploi \u00ab\u00a0saisonnier\u00a0\u00bb, en attendant le vrai d\u00e9clic d&rsquo;une r\u00e9industrialisation vivement souhait\u00e9e par les habitants, des projets d&rsquo;envergure [&hellip;]<\/p>\n","protected":false},"author":1763,"featured_media":0,"comment_status":"closed","ping_status":"closed","sticky":false,"template":"","format":"standard","meta":{"fifu_image_url":"","fifu_image_alt":"","footnotes":""},"categories":[78,54],"tags":[],"class_list":["post-125953","post","type-post","status-publish","format-standard","hentry","category-economie","category-maroc"],"_links":{"self":[{"href":"https:\/\/linitiative.ca\/International\/wp-json\/wp\/v2\/posts\/125953","targetHints":{"allow":["GET"]}}],"collection":[{"href":"https:\/\/linitiative.ca\/International\/wp-json\/wp\/v2\/posts"}],"about":[{"href":"https:\/\/linitiative.ca\/International\/wp-json\/wp\/v2\/types\/post"}],"author":[{"embeddable":true,"href":"https:\/\/linitiative.ca\/International\/wp-json\/wp\/v2\/users\/1763"}],"replies":[{"embeddable":true,"href":"https:\/\/linitiative.ca\/International\/wp-json\/wp\/v2\/comments?post=125953"}],"version-history":[{"count":0,"href":"https:\/\/linitiative.ca\/International\/wp-json\/wp\/v2\/posts\/125953\/revisions"}],"wp:attachment":[{"href":"https:\/\/linitiative.ca\/International\/wp-json\/wp\/v2\/media?parent=125953"}],"wp:term":[{"taxonomy":"category","embeddable":true,"href":"https:\/\/linitiative.ca\/International\/wp-json\/wp\/v2\/categories?post=125953"},{"taxonomy":"post_tag","embeddable":true,"href":"https:\/\/linitiative.ca\/International\/wp-json\/wp\/v2\/tags?post=125953"}],"curies":[{"name":"wp","href":"https:\/\/api.w.org\/{rel}","templated":true}]}}