{"id":125957,"date":"2021-09-03T12:30:00","date_gmt":"2021-09-03T16:30:00","guid":{"rendered":"https:\/\/linitiative.ca\/International\/le-barca-veut-prolonger-deux-pepites\/"},"modified":"2021-09-03T12:30:00","modified_gmt":"2021-09-03T16:30:00","slug":"le-barca-veut-prolonger-deux-pepites","status":"publish","type":"post","link":"https:\/\/linitiative.ca\/International\/le-barca-veut-prolonger-deux-pepites\/","title":{"rendered":"Le Bar\u00e7a veut prolonger deux p\u00e9pites !"},"content":{"rendered":"<div>Si Joan Laporta a pr\u00e9vu de tout tenter pour prolonger le Fran\u00e7ais Ousmane Demb\u00e9l\u00e9 qui n\u2019a plus qu\u2019un an de contrat, le pr\u00e9sident Blaugrana aurait pr\u00e9vu d\u2019\u00e9tendre le contrat de deux autres joueurs.<img loading=\"lazy\" decoding=\"async\" src=\"http:\/\/feeds.feedburner.com\/~r\/GalerieFArtciles\/~4\/LCLkGBYze3c\" height=\"1\" width=\"1\" alt=\"\"><\/div>\n<p>Auteur:<br \/>\n<a href=\"http:\/\/www.lebuteur.com\/article\/detail?titre=le-barca-veut-prolonger-deux-pepites&#038;id=101009&#038;utm_source=feedburner&#038;utm_medium=feed&#038;utm_campaign=Feed%3A+GalerieFArtciles+%28Les+derniers+articles++-+lebuteur.com%29\">Cliquez ici pour lire l&rsquo;article depuis sa source.<\/a><\/p>\n","protected":false},"excerpt":{"rendered":"<p>Si Joan Laporta a pr\u00e9vu de tout tenter pour prolonger le Fran\u00e7ais Ousmane Demb\u00e9l\u00e9 qui n\u2019a plus qu\u2019un an de contrat, le pr\u00e9sident Blaugrana aurait pr\u00e9vu d\u2019\u00e9tendre le contrat de deux autres joueurs. Auteur: Cliquez ici pour lire l&rsquo;article depuis sa source.<\/p>\n","protected":false},"author":1738,"featured_media":0,"comment_status":"closed","ping_status":"closed","sticky":false,"template":"","format":"standard","meta":{"fifu_image_url":"http:\/\/feeds.feedburner.com\/~r\/GalerieFArtciles\/~4\/LCLkGBYze3c","fifu_image_alt":"Le Bar\u00e7a veut prolonger deux p\u00e9pites !","footnotes":""},"categories":[53,75],"tags":[],"class_list":["post-125957","post","type-post","status-publish","format-standard","hentry","category-algerie","category-sport"],"_links":{"self":[{"href":"https:\/\/linitiative.ca\/International\/wp-json\/wp\/v2\/posts\/125957","targetHints":{"allow":["GET"]}}],"collection":[{"href":"https:\/\/linitiative.ca\/International\/wp-json\/wp\/v2\/posts"}],"about":[{"href":"https:\/\/linitiative.ca\/International\/wp-json\/wp\/v2\/types\/post"}],"author":[{"embeddable":true,"href":"https:\/\/linitiative.ca\/International\/wp-json\/wp\/v2\/users\/1738"}],"replies":[{"embeddable":true,"href":"https:\/\/linitiative.ca\/International\/wp-json\/wp\/v2\/comments?post=125957"}],"version-history":[{"count":0,"href":"https:\/\/linitiative.ca\/International\/wp-json\/wp\/v2\/posts\/125957\/revisions"}],"wp:attachment":[{"href":"https:\/\/linitiative.ca\/International\/wp-json\/wp\/v2\/media?parent=125957"}],"wp:term":[{"taxonomy":"category","embeddable":true,"href":"https:\/\/linitiative.ca\/International\/wp-json\/wp\/v2\/categories?post=125957"},{"taxonomy":"post_tag","embeddable":true,"href":"https:\/\/linitiative.ca\/International\/wp-json\/wp\/v2\/tags?post=125957"}],"curies":[{"name":"wp","href":"https:\/\/api.w.org\/{rel}","templated":true}]}}