{"id":125959,"date":"2021-09-03T12:32:00","date_gmt":"2021-09-03T16:32:00","guid":{"rendered":"https:\/\/linitiative.ca\/International\/administratif-belmadi-felicite-zerrouki\/"},"modified":"2021-09-03T12:32:00","modified_gmt":"2021-09-03T16:32:00","slug":"administratif-belmadi-felicite-zerrouki","status":"publish","type":"post","link":"https:\/\/linitiative.ca\/International\/administratif-belmadi-felicite-zerrouki\/","title":{"rendered":"Administratif, Belmadi f\u00e9licite  Zerrouki"},"content":{"rendered":"<div>En plus de s\u2019\u00eatre bien adjug\u00e9 de ses t\u00e2ches d\u00e9fensives et de sa contribution, avec et sans ballon, dans   la construction du jeu des Verts, le joueur Twente FC a marqu\u00e9 un joli but.<img loading=\"lazy\" decoding=\"async\" src=\"http:\/\/feeds.feedburner.com\/~r\/GalerieFArtciles\/~4\/t_s5_phEDqo\" height=\"1\" width=\"1\" alt=\"\"><\/div>\n<p>Auteur:<br \/>\n<a href=\"http:\/\/www.lebuteur.com\/article\/detail?titre=administratif-belmadi-felicite-zerrouki&#038;id=101013&#038;utm_source=feedburner&#038;utm_medium=feed&#038;utm_campaign=Feed%3A+GalerieFArtciles+%28Les+derniers+articles++-+lebuteur.com%29\">Cliquez ici pour lire l&rsquo;article depuis sa source.<\/a><\/p>\n","protected":false},"excerpt":{"rendered":"<p>En plus de s\u2019\u00eatre bien adjug\u00e9 de ses t\u00e2ches d\u00e9fensives et de sa contribution, avec et sans ballon, dans la construction du jeu des Verts, le joueur Twente FC a marqu\u00e9 un joli but. Auteur: Cliquez ici pour lire l&rsquo;article depuis sa source.<\/p>\n","protected":false},"author":1738,"featured_media":0,"comment_status":"closed","ping_status":"closed","sticky":false,"template":"","format":"standard","meta":{"fifu_image_url":"http:\/\/feeds.feedburner.com\/~r\/GalerieFArtciles\/~4\/t_s5_phEDqo","fifu_image_alt":"Administratif, Belmadi f\u00e9licite  Zerrouki","footnotes":""},"categories":[53,75],"tags":[],"class_list":["post-125959","post","type-post","status-publish","format-standard","hentry","category-algerie","category-sport"],"_links":{"self":[{"href":"https:\/\/linitiative.ca\/International\/wp-json\/wp\/v2\/posts\/125959","targetHints":{"allow":["GET"]}}],"collection":[{"href":"https:\/\/linitiative.ca\/International\/wp-json\/wp\/v2\/posts"}],"about":[{"href":"https:\/\/linitiative.ca\/International\/wp-json\/wp\/v2\/types\/post"}],"author":[{"embeddable":true,"href":"https:\/\/linitiative.ca\/International\/wp-json\/wp\/v2\/users\/1738"}],"replies":[{"embeddable":true,"href":"https:\/\/linitiative.ca\/International\/wp-json\/wp\/v2\/comments?post=125959"}],"version-history":[{"count":0,"href":"https:\/\/linitiative.ca\/International\/wp-json\/wp\/v2\/posts\/125959\/revisions"}],"wp:attachment":[{"href":"https:\/\/linitiative.ca\/International\/wp-json\/wp\/v2\/media?parent=125959"}],"wp:term":[{"taxonomy":"category","embeddable":true,"href":"https:\/\/linitiative.ca\/International\/wp-json\/wp\/v2\/categories?post=125959"},{"taxonomy":"post_tag","embeddable":true,"href":"https:\/\/linitiative.ca\/International\/wp-json\/wp\/v2\/tags?post=125959"}],"curies":[{"name":"wp","href":"https:\/\/api.w.org\/{rel}","templated":true}]}}