{"id":125961,"date":"2021-09-02T17:21:46","date_gmt":"2021-09-02T21:21:46","guid":{"rendered":"https:\/\/linitiative.ca\/International\/eliminatoires-mondial-2022-les-verts-simposent-par-8-a-0-face-a-djibouti\/"},"modified":"2021-09-02T17:21:46","modified_gmt":"2021-09-02T21:21:46","slug":"eliminatoires-mondial-2022-les-verts-simposent-par-8-a-0-face-a-djibouti","status":"publish","type":"post","link":"https:\/\/linitiative.ca\/International\/eliminatoires-mondial-2022-les-verts-simposent-par-8-a-0-face-a-djibouti\/","title":{"rendered":"\u00c9liminatoires Mondial 2022 : Les Verts s\u2019imposent par 8 \u00e0 0 face \u00e0 Djibouti"},"content":{"rendered":"<div>\n<div class=\"sriret\"><img decoding=\"async\" src=\"https:\/\/linitiative.ca\/International\/wp-content\/uploads\/sites\/23\/2021\/09\/default-picture-709x366_c-3.jpg\"><\/div>\n<p>Les Verts ont bien entam\u00e9 les \u00e9liminatoires de la coupe du monde 2022 (groupe A) en s\u2019imposant ce soir, au stade de Blida, face au Djibouti, avec le score de huit buts \u00e0 z\u00e9ro.<\/p>\n<p>Les auteurs de ces r\u00e9alisations sont Slimani, avec quatre buts (5\u2032, 25\u2032 sur penalty, 46\u2032, 53\u2032), Bensebaini (26\u2032), Bounedjah (40\u2032 sur penalty), Mahrez (67\u2032) et Zerouki (69\u2032). Le deuxi\u00e8me match de l\u2019\u00e9quipe nationale est pr\u00e9vu ce mardi 7 septembre face au Burkina Faso \u00e0 Marrakech, au Maroc. Les burkinab\u00e9s ce sont impos\u00e9s ce soir aussi par 2 buts \u00e0 0 face au Niger.<\/p>\n<p>L\u2019article <a rel=\"nofollow\" href=\"https:\/\/www.elwatan.com\/edition\/sports\/eliminatoires-mondial-2022-les-verts-simposent-par-8-a-0-face-a-djibouti-02-09-2021\">\u00c9liminatoires Mondial 2022 : Les Verts s\u2019imposent par 8 \u00e0 0 face \u00e0 Djibouti<\/a> est apparu en premier sur <a rel=\"nofollow\" href=\"https:\/\/www.elwatan.com\/\">El Watan<\/a>.<\/p>\n<\/div>\n<p>Auteur: Abdelghani Aichoun<br \/>\n<a href=\"https:\/\/www.elwatan.com\/edition\/sports\/eliminatoires-mondial-2022-les-verts-simposent-par-8-a-0-face-a-djibouti-02-09-2021\">Cliquez ici pour lire l&rsquo;article depuis sa source.<\/a><\/p>\n","protected":false},"excerpt":{"rendered":"<p>Les Verts ont bien entam\u00e9 les \u00e9liminatoires de la coupe du monde 2022 (groupe A) en s\u2019imposant ce soir, au stade de Blida, face au Djibouti, avec le score de huit buts \u00e0 z\u00e9ro. Les auteurs de ces r\u00e9alisations sont Slimani, avec quatre buts (5\u2032, 25\u2032 sur penalty, 46\u2032, 53\u2032), Bensebaini (26\u2032), Bounedjah (40\u2032 sur [&hellip;]<\/p>\n","protected":false},"author":1743,"featured_media":0,"comment_status":"closed","ping_status":"closed","sticky":false,"template":"","format":"standard","meta":{"fifu_image_url":"https:\/\/www.elwatan.com\/wp-content\/themes\/spectr\/img\/default-picture-709x366_c.jpg","fifu_image_alt":"\u00c9liminatoires Mondial 2022 : Les Verts s\u2019imposent par 8 \u00e0 0 face \u00e0 Djibouti","footnotes":""},"categories":[73,53],"tags":[],"class_list":["post-125961","post","type-post","status-publish","format-standard","hentry","category-actualite","category-algerie"],"_links":{"self":[{"href":"https:\/\/linitiative.ca\/International\/wp-json\/wp\/v2\/posts\/125961","targetHints":{"allow":["GET"]}}],"collection":[{"href":"https:\/\/linitiative.ca\/International\/wp-json\/wp\/v2\/posts"}],"about":[{"href":"https:\/\/linitiative.ca\/International\/wp-json\/wp\/v2\/types\/post"}],"author":[{"embeddable":true,"href":"https:\/\/linitiative.ca\/International\/wp-json\/wp\/v2\/users\/1743"}],"replies":[{"embeddable":true,"href":"https:\/\/linitiative.ca\/International\/wp-json\/wp\/v2\/comments?post=125961"}],"version-history":[{"count":0,"href":"https:\/\/linitiative.ca\/International\/wp-json\/wp\/v2\/posts\/125961\/revisions"}],"wp:attachment":[{"href":"https:\/\/linitiative.ca\/International\/wp-json\/wp\/v2\/media?parent=125961"}],"wp:term":[{"taxonomy":"category","embeddable":true,"href":"https:\/\/linitiative.ca\/International\/wp-json\/wp\/v2\/categories?post=125961"},{"taxonomy":"post_tag","embeddable":true,"href":"https:\/\/linitiative.ca\/International\/wp-json\/wp\/v2\/tags?post=125961"}],"curies":[{"name":"wp","href":"https:\/\/api.w.org\/{rel}","templated":true}]}}