{"id":125963,"date":"2021-09-03T08:56:55","date_gmt":"2021-09-03T12:56:55","guid":{"rendered":"https:\/\/linitiative.ca\/International\/internet-operation-de-maintenance-en-cours-sur-un-cable-sous-marin-at\/"},"modified":"2021-09-03T08:56:55","modified_gmt":"2021-09-03T12:56:55","slug":"internet-operation-de-maintenance-en-cours-sur-un-cable-sous-marin-at","status":"publish","type":"post","link":"https:\/\/linitiative.ca\/International\/internet-operation-de-maintenance-en-cours-sur-un-cable-sous-marin-at\/","title":{"rendered":"Internet : op\u00e9ration de maintenance en cours sur un c\u00e2ble sous-marin (AT)\u00a0"},"content":{"rendered":"<div>\n<div class=\"sriret\"><img decoding=\"async\" src=\"https:\/\/linitiative.ca\/International\/wp-content\/uploads\/sites\/23\/2021\/09\/default-picture-709x366_c-4.jpg\"><\/div>\n<p>Une op\u00e9ration de maintenance sur l\u2019un des c\u00e2bles assurant la bande passante internationale pour l\u2019Alg\u00e9rie, est lanc\u00e9e du 1er au 10 septembre, annonce, vendredi 3 septembre dans un communiqu\u00e9, Alg\u00e9rie T\u00e9l\u00e9com (AT), rassurant ses usagers quant \u00e0 \u00ab\u00a0la continuit\u00e9\u00a0\u00bb des services internet durant cette p\u00e9riode.<\/p>\n<p>Les travaux de maintenance touchent le c\u00e2ble sous-marin SeaWeMe4, l\u2019un des quatre c\u00e2bles assurent la bande passante internationale, tandis que la connexion Internet sera assur\u00e9e par les trois c\u00e2bles sous-marins restants, pr\u00e9cise la m\u00eame source. Tout en informant avoir \u00ab\u00a0pris les dispositions n\u00e9cessaires pour veiller \u00e0 la continuit\u00e9 de ses services\u00a0\u00bb, Alg\u00e9rie T\u00e9l\u00e9com souligne que cette\u00a0\u00a0 op\u00e9ration est inscrite par le consortium d\u2019op\u00e9rateurs qui exploite le c\u00e2ble, et dont il fait partie, et qu\u2019il s\u2019agit d\u2019\u00a0\u00bbun engagement mutuel des exploitants, qui vise \u00e0 lui assurer la stabilit\u00e9 et la performance les plus\u00a0\u00a0 durables\u00a0\u00bb. \u00ab\u00a0Sur un plan strat\u00e9gique, Alg\u00e9rie T\u00e9l\u00e9com continue d\u2019engager d\u2019importants investissements qui vont lui permettre d\u2019augmenter substantiellement ses capacit\u00e9s en bande passante internationale et de les s\u00e9curiser. C\u2019est gr\u00e2ce \u00e0 cette approche que les deux augmentations de vitesse effectu\u00e9es en 2021 ont \u00e9t\u00e9 possibles\u00a0\u00bb, conclut l\u2019entreprise publique.<\/p>\n<p>L\u2019article <a rel=\"nofollow\" href=\"https:\/\/www.elwatan.com\/edition\/actualite\/internet-operation-de-maintenance-en-cours-sur-un-cable-sous-marin-at-03-09-2021\">Internet : op\u00e9ration de maintenance en cours sur un c\u00e2ble sous-marin (AT)\u00a0<\/a> est apparu en premier sur <a rel=\"nofollow\" href=\"https:\/\/www.elwatan.com\/\">El Watan<\/a>.<\/p>\n<\/div>\n<p>Auteur: Abdelghani Aichoun<br \/>\n<a href=\"https:\/\/www.elwatan.com\/edition\/actualite\/internet-operation-de-maintenance-en-cours-sur-un-cable-sous-marin-at-03-09-2021\">Cliquez ici pour lire l&rsquo;article depuis sa source.<\/a><\/p>\n","protected":false},"excerpt":{"rendered":"<p>Une op\u00e9ration de maintenance sur l\u2019un des c\u00e2bles assurant la bande passante internationale pour l\u2019Alg\u00e9rie, est lanc\u00e9e du 1er au 10 septembre, annonce, vendredi 3 septembre dans un communiqu\u00e9, Alg\u00e9rie T\u00e9l\u00e9com (AT), rassurant ses usagers quant \u00e0 \u00ab\u00a0la continuit\u00e9\u00a0\u00bb des services internet durant cette p\u00e9riode. Les travaux de maintenance touchent le c\u00e2ble sous-marin SeaWeMe4, l\u2019un [&hellip;]<\/p>\n","protected":false},"author":1743,"featured_media":0,"comment_status":"closed","ping_status":"closed","sticky":false,"template":"","format":"standard","meta":{"fifu_image_url":"https:\/\/www.elwatan.com\/wp-content\/themes\/spectr\/img\/default-picture-709x366_c.jpg","fifu_image_alt":"Internet : op\u00e9ration de maintenance en cours sur un c\u00e2ble sous-marin (AT)\u00a0","footnotes":""},"categories":[73,53],"tags":[],"class_list":["post-125963","post","type-post","status-publish","format-standard","hentry","category-actualite","category-algerie"],"_links":{"self":[{"href":"https:\/\/linitiative.ca\/International\/wp-json\/wp\/v2\/posts\/125963","targetHints":{"allow":["GET"]}}],"collection":[{"href":"https:\/\/linitiative.ca\/International\/wp-json\/wp\/v2\/posts"}],"about":[{"href":"https:\/\/linitiative.ca\/International\/wp-json\/wp\/v2\/types\/post"}],"author":[{"embeddable":true,"href":"https:\/\/linitiative.ca\/International\/wp-json\/wp\/v2\/users\/1743"}],"replies":[{"embeddable":true,"href":"https:\/\/linitiative.ca\/International\/wp-json\/wp\/v2\/comments?post=125963"}],"version-history":[{"count":0,"href":"https:\/\/linitiative.ca\/International\/wp-json\/wp\/v2\/posts\/125963\/revisions"}],"wp:attachment":[{"href":"https:\/\/linitiative.ca\/International\/wp-json\/wp\/v2\/media?parent=125963"}],"wp:term":[{"taxonomy":"category","embeddable":true,"href":"https:\/\/linitiative.ca\/International\/wp-json\/wp\/v2\/categories?post=125963"},{"taxonomy":"post_tag","embeddable":true,"href":"https:\/\/linitiative.ca\/International\/wp-json\/wp\/v2\/tags?post=125963"}],"curies":[{"name":"wp","href":"https:\/\/api.w.org\/{rel}","templated":true}]}}