{"id":125965,"date":"2021-09-03T09:05:01","date_gmt":"2021-09-03T13:05:01","guid":{"rendered":"https:\/\/linitiative.ca\/International\/bejaia-deces-du-moudjahid-djoudi-attoumi\/"},"modified":"2021-09-03T09:05:01","modified_gmt":"2021-09-03T13:05:01","slug":"bejaia-deces-du-moudjahid-djoudi-attoumi","status":"publish","type":"post","link":"https:\/\/linitiative.ca\/International\/bejaia-deces-du-moudjahid-djoudi-attoumi\/","title":{"rendered":"B\u00e9jaia: D\u00e9c\u00e8s du moudjahid Djoudi Attoumi"},"content":{"rendered":"<div>\n<div class=\"sriret\"><img decoding=\"async\" src=\"https:\/\/linitiative.ca\/International\/wp-content\/uploads\/sites\/23\/2021\/09\/default-picture-709x366_c-5.jpg\"><\/div>\n<p>Le moudjahid et officier de l\u2019Arm\u00e9e de lib\u00e9ration nationale (ALN), Djoudi Attoumi, s\u2019est \u00e9teint vendredi 3 septembre, \u00e0 l\u2019\u00e2ge de 83 ans, des suites de complications pulmonaires dues \u00e0 la Covid-19, a-t-on appris de ses proches.<\/p>\n<p>N\u00e9 en novembre 1938 \u00e0 Tinebdhar, dans la commune de Sidi Aich, Djoudi Attoumi int\u00e9gra tr\u00e8s jeune les rangs du Mouvement national en 1953 \u00e0 Alger, puis rejoignit le maquis en 1956 au poste de commandement de la wilaya III, en tant que secr\u00e9taire de zone, sous le commandement du Colonel Amirouche Ait Hamouda. Promu officier en 1961, il \u00e9tait affect\u00e9 dans la vall\u00e9e de la Soummam avec\u00a0\u00a0 pour mission la r\u00e9organisation de la zone 3, l\u2019organisation d\u2019actions contre l\u2019arm\u00e9e fran\u00e7aise et la restructuration des maquis. Il \u00e9tait, ensuite, d\u00e9sign\u00e9, en avril 1962, comme membre de la commission comp\u00e9tente locale du cessez-le-feu charg\u00e9e de veiller \u00e0 l\u2019application des accords d\u2019Evian pour les r\u00e9gions de Bejaia, Bordj Bou-Arreridj, M\u2019sila et Bouira.<\/p>\n<p>A l\u2019ind\u00e9pendance du pays, le d\u00e9funt avait occup\u00e9 plusieurs postes de responsabilit\u00e9 \u00e0 travers diff\u00e9rentes wilayas du pays et avait \u00e9t\u00e9 \u00e9lu pr\u00e9sident de l\u2019Assembl\u00e9e populaire de la wilaya (APW) de Bejaia. Apr\u00e8s sa retraite, il s\u2019\u00e9tait consacr\u00e9 \u00e0 l\u2019\u00e9criture de l\u2019Histoire de la Guerre de lib\u00e9ration nationale, notamment, celle de la wilaya III historique dont il avait \u00e9t\u00e9 t\u00e9moin. Parmi ses \u0153uvres, plusieurs ont \u00e9t\u00e9 consacr\u00e9es au Colonel Amirouche, \u00ab\u00a0Le colonel Amirouche entre l\u00e9gende et histoire\u00a0\u00bb paru en 2004, \u00ab\u00a0Colonel Amirouche \u00e0 la crois\u00e9e des chemins\u00a0\u00bb en 2006 et \u00ab\u00a0Le colonel Amirouche,\u00a0\u00a0 l\u2019heure de v\u00e9rit\u00e9\u00a0\u00bb en 2016. Il avait, \u00e9galement, racont\u00e9 son parcours dans un journal d\u2019un combattant\u00a0\u00a0 de l\u2019ALN en wilaya III et consacr\u00e9 un ouvrage aux \u00ab\u00a0femmes combattantes dans la Guerre de lib\u00e9ration nationale, 1954-1962, ces h\u00e9ro\u00efnes rest\u00e9es dans l\u2019ombre\u00a0\u00bb, paru en 2014. Le d\u00e9funt sera enterr\u00e9 samedi au cimeti\u00e8re de la ville de B\u00e9jaia, lieu de sa r\u00e9sidence.<\/p>\n<p>L\u2019article <a rel=\"nofollow\" href=\"https:\/\/www.elwatan.com\/edition\/actualite\/bejaia-deces-du-moudjahid-djoudi-attoumi-03-09-2021\">B\u00e9jaia: D\u00e9c\u00e8s du moudjahid Djoudi Attoumi<\/a> est apparu en premier sur <a rel=\"nofollow\" href=\"https:\/\/www.elwatan.com\/\">El Watan<\/a>.<\/p>\n<\/div>\n<p>Auteur: Abdelghani Aichoun<br \/>\n<a href=\"https:\/\/www.elwatan.com\/edition\/actualite\/bejaia-deces-du-moudjahid-djoudi-attoumi-03-09-2021\">Cliquez ici pour lire l&rsquo;article depuis sa source.<\/a><\/p>\n","protected":false},"excerpt":{"rendered":"<p>Le moudjahid et officier de l\u2019Arm\u00e9e de lib\u00e9ration nationale (ALN), Djoudi Attoumi, s\u2019est \u00e9teint vendredi 3 septembre, \u00e0 l\u2019\u00e2ge de 83 ans, des suites de complications pulmonaires dues \u00e0 la Covid-19, a-t-on appris de ses proches. N\u00e9 en novembre 1938 \u00e0 Tinebdhar, dans la commune de Sidi Aich, Djoudi Attoumi int\u00e9gra tr\u00e8s jeune les rangs [&hellip;]<\/p>\n","protected":false},"author":1743,"featured_media":0,"comment_status":"closed","ping_status":"closed","sticky":false,"template":"","format":"standard","meta":{"fifu_image_url":"https:\/\/www.elwatan.com\/wp-content\/themes\/spectr\/img\/default-picture-709x366_c.jpg","fifu_image_alt":"B\u00e9jaia: D\u00e9c\u00e8s du moudjahid Djoudi Attoumi","footnotes":""},"categories":[73,53],"tags":[],"class_list":["post-125965","post","type-post","status-publish","format-standard","hentry","category-actualite","category-algerie"],"_links":{"self":[{"href":"https:\/\/linitiative.ca\/International\/wp-json\/wp\/v2\/posts\/125965","targetHints":{"allow":["GET"]}}],"collection":[{"href":"https:\/\/linitiative.ca\/International\/wp-json\/wp\/v2\/posts"}],"about":[{"href":"https:\/\/linitiative.ca\/International\/wp-json\/wp\/v2\/types\/post"}],"author":[{"embeddable":true,"href":"https:\/\/linitiative.ca\/International\/wp-json\/wp\/v2\/users\/1743"}],"replies":[{"embeddable":true,"href":"https:\/\/linitiative.ca\/International\/wp-json\/wp\/v2\/comments?post=125965"}],"version-history":[{"count":0,"href":"https:\/\/linitiative.ca\/International\/wp-json\/wp\/v2\/posts\/125965\/revisions"}],"wp:attachment":[{"href":"https:\/\/linitiative.ca\/International\/wp-json\/wp\/v2\/media?parent=125965"}],"wp:term":[{"taxonomy":"category","embeddable":true,"href":"https:\/\/linitiative.ca\/International\/wp-json\/wp\/v2\/categories?post=125965"},{"taxonomy":"post_tag","embeddable":true,"href":"https:\/\/linitiative.ca\/International\/wp-json\/wp\/v2\/tags?post=125965"}],"curies":[{"name":"wp","href":"https:\/\/api.w.org\/{rel}","templated":true}]}}