{"id":12597,"date":"2019-02-08T18:00:00","date_gmt":"2019-02-08T23:00:00","guid":{"rendered":"https:\/\/linitiative.ca\/International\/situation-dans-la-region-arabe-convergence-de-vues-avec-le-soudan\/"},"modified":"2019-02-08T18:00:00","modified_gmt":"2019-02-08T23:00:00","slug":"situation-dans-la-region-arabe-convergence-de-vues-avec-le-soudan","status":"publish","type":"post","link":"https:\/\/linitiative.ca\/International\/situation-dans-la-region-arabe-convergence-de-vues-avec-le-soudan\/","title":{"rendered":"Situation dans la r\u00e9gion arabe : Convergence de vues aveC le Soudan"},"content":{"rendered":"<div class=\"TxArtcile\" readability=\"32\">\n<p>Le pr\u00e9sident de la Commission des Affaires \u00e9trang\u00e8res, de la coop\u00e9ration et de la communaut\u00e9 nationale \u00e9tablie \u00e0 l&rsquo;\u00e9tranger de l&rsquo;Assembl\u00e9e populaire nationale (APN), Abdelhamid Si Afif, a re\u00e7u, jeudi au si\u00e8ge de l&rsquo;APN, l&rsquo;ambassadeur de la R\u00e9publique du Soudan \u00e0 Alger, Elabeid Mohamed Elabeid, avec lequel il a examin\u00e9 les voies de relance et de promotion des relations de coop\u00e9ration parlementaire, indique un communiqu\u00e9 de l&rsquo;APN. Les entretiens ont port\u00e9 sur \u00ables relations bilat\u00e9rales et les progr\u00e8s r\u00e9alis\u00e9s dans plusieurs domaines\u00bb, pr\u00e9cise la m\u00eame source. Les deux parties ont \u00e9voqu\u00e9 \u00ables voies de relance et de promotion des relations de coop\u00e9ration parlementaire\u00bb. Dans ce cadre, M. Si Afif a mis l&rsquo;accent sur \u00abla n\u00e9cessit\u00e9 d&rsquo;orienter les efforts diplomatiques au niveau parlementaire, en compl\u00e9ment des efforts des dirigeants des deux pays pour la promotion de la coop\u00e9ration bilat\u00e9rale dans les diff\u00e9rents domaines \u00e9conomiques, notamment le secteur de l&rsquo;Agriculture\u00bb. A cette occasion, les deux parties ont pass\u00e9 en revue \u00abplusieurs questions d&rsquo;actualit\u00e9, et \u00e0 leur t\u00eate, la situation pr\u00e9valant dans la r\u00e9gion arabe\u00bb. A ce propos, l&rsquo;ambassadeur soudanais s&rsquo;est f\u00e9licit\u00e9 de la convergence des vues des deux pays sur les questions de l&rsquo;heure, pr\u00e9cisant que l&rsquo;Alg\u00e9rie n&rsquo;a de cesse affich\u00e9 des positions objectives concernant diff\u00e9rentes questions\u00bb. Au terme de la rencontre, le diplomate soudanais s&rsquo;est dit \u00aboptimiste\u00bb quant aux conclusions de la s\u00e9ance d&rsquo;audition, devant \u00eatre organis\u00e9e, la semaine prochaine, par le Parlement arabe (PA), en vue de retirer le nom de la R\u00e9publique du Soudan de la liste des Etats parrainant le terrorisme\u00bb.<\/p>\n<\/div>\n<div class=\"ModliArtilUne\">\n<ul>\n<li><strong>Publi\u00e9 dans :<\/strong><\/li>\n<\/ul>\n<\/div>\n<div class=\"MbComIns\" id=\"newcom\" readability=\"5.69402985075\">\n<h6>DONNEZ VOTRE AVIS<\/h6>\n<p>Il n&rsquo;y a actuellement aucune r\u00e9action \u00e0 cette information. Soyez le premier \u00e0 r\u00e9agir !<\/p>\n<p><a href=\"\" rel=\"#popup\" class=\"login resetbutton\">Identifiez-vous<\/a><a class=\"button\" href=\"http:\/\/www.elmoudjahid.com\/fr\/inscription\/\"><span>S&rsquo;inscrire<\/span><\/a><\/p>\n<\/div>\n","protected":false},"excerpt":{"rendered":"<p>Le pr\u00e9sident de la Commission des Affaires \u00e9trang\u00e8res, de la coop\u00e9ration et de la communaut\u00e9 nationale \u00e9tablie \u00e0 l&rsquo;\u00e9tranger de l&rsquo;Assembl\u00e9e populaire nationale (APN), Abdelhamid Si Afif, a re\u00e7u, jeudi au si\u00e8ge de l&rsquo;APN, l&rsquo;ambassadeur de la R\u00e9publique du Soudan \u00e0 Alger, Elabeid Mohamed Elabeid, avec lequel il a examin\u00e9 les voies de relance et [&hellip;]<\/p>\n","protected":false},"author":1744,"featured_media":0,"comment_status":"closed","ping_status":"closed","sticky":false,"template":"","format":"standard","meta":{"fifu_image_url":"","fifu_image_alt":"","footnotes":""},"categories":[73,53],"tags":[],"class_list":["post-12597","post","type-post","status-publish","format-standard","hentry","category-actualite","category-algerie"],"_links":{"self":[{"href":"https:\/\/linitiative.ca\/International\/wp-json\/wp\/v2\/posts\/12597","targetHints":{"allow":["GET"]}}],"collection":[{"href":"https:\/\/linitiative.ca\/International\/wp-json\/wp\/v2\/posts"}],"about":[{"href":"https:\/\/linitiative.ca\/International\/wp-json\/wp\/v2\/types\/post"}],"author":[{"embeddable":true,"href":"https:\/\/linitiative.ca\/International\/wp-json\/wp\/v2\/users\/1744"}],"replies":[{"embeddable":true,"href":"https:\/\/linitiative.ca\/International\/wp-json\/wp\/v2\/comments?post=12597"}],"version-history":[{"count":0,"href":"https:\/\/linitiative.ca\/International\/wp-json\/wp\/v2\/posts\/12597\/revisions"}],"wp:attachment":[{"href":"https:\/\/linitiative.ca\/International\/wp-json\/wp\/v2\/media?parent=12597"}],"wp:term":[{"taxonomy":"category","embeddable":true,"href":"https:\/\/linitiative.ca\/International\/wp-json\/wp\/v2\/categories?post=12597"},{"taxonomy":"post_tag","embeddable":true,"href":"https:\/\/linitiative.ca\/International\/wp-json\/wp\/v2\/tags?post=12597"}],"curies":[{"name":"wp","href":"https:\/\/api.w.org\/{rel}","templated":true}]}}