{"id":125971,"date":"2021-09-03T07:50:00","date_gmt":"2021-09-03T11:50:00","guid":{"rendered":"https:\/\/linitiative.ca\/International\/vision-pour-une-tunisie-republicaine-et-ouverte-sur-le-monde-appel-citoyen-au-president-de-la-republique\/"},"modified":"2021-09-03T07:50:00","modified_gmt":"2021-09-03T11:50:00","slug":"vision-pour-une-tunisie-republicaine-et-ouverte-sur-le-monde-appel-citoyen-au-president-de-la-republique","status":"publish","type":"post","link":"https:\/\/linitiative.ca\/International\/vision-pour-une-tunisie-republicaine-et-ouverte-sur-le-monde-appel-citoyen-au-president-de-la-republique\/","title":{"rendered":"\u00abVision\u00bb pour une Tunisie R\u00e9publicaine et Ouverte sur le Monde: Appel citoyen au Pr\u00e9sident de la R\u00e9publique"},"content":{"rendered":"<div><img decoding=\"async\" src=\"https:\/\/linitiative.ca\/International\/wp-content\/uploads\/sites\/23\/2021\/09\/1630616981_article.jpg\" alt=\"\u00abVision\u00bb pour une Tunisie R\u00e9publicaine et Ouverte sur le Monde: Appel citoyen au Pr\u00e9sident de la R\u00e9publique\" align=\"left\">Par : Khadija Moalla, Chakib Zouaghi, Mohamed Ridha Kamoun, Kamel Akrout et Brahim Rezgui<br \/>\n\u00c0 la lumi\u00e8re des d\u00e9cisions exceptionnelles prises par le Pr\u00e9sident de la R\u00e9publique Tunisienne, le 25 Juillet 2021, et en r\u00e9ponse \u00e0 l\u2019\u00e9volution pr\u00e9occupante de la situation dans le pays, nous avons d\u00e9cid\u00e9 de lancer une initiative citoyenne ind\u00e9pendante d\u2019aucun parti politique ou groupe d\u2019int\u00e9r\u00eats, afin de proposer une Vision pour la Tunisie de demain. Cette Vision s\u2019inscrit dans une d\u00e9marche citoyenne multisectorielle, int\u00e9gr\u00e9e, respectueuse du Droit International, et de la souverainet\u00e9 du pays, afin d\u2019assurer le bien-\u00eatre des citoyens et le d\u00e9veloppement durable. Nous ne &#8230;<\/p>\n<\/div>\n<p>Auteur:<br \/>\n<a href=\"https:\/\/www.leaders.com.tn\/article\/32359-vision-pour-une-tunisie-republicaine-et-ouverte-sur-le-monde-appel-citoyen-au-president-de-la-republique\">Cliquez ici pour lire l&rsquo;article depuis sa source.<\/a><\/p>\n","protected":false},"excerpt":{"rendered":"<p>Par : Khadija Moalla, Chakib Zouaghi, Mohamed Ridha Kamoun, Kamel Akrout et Brahim Rezgui \u00c0 la lumi\u00e8re des d\u00e9cisions exceptionnelles prises par le Pr\u00e9sident de la R\u00e9publique Tunisienne, le 25 Juillet 2021, et en r\u00e9ponse \u00e0 l\u2019\u00e9volution pr\u00e9occupante de la situation dans le pays, nous avons d\u00e9cid\u00e9 de lancer une initiative citoyenne ind\u00e9pendante d\u2019aucun parti [&hellip;]<\/p>\n","protected":false},"author":1772,"featured_media":0,"comment_status":"closed","ping_status":"closed","sticky":false,"template":"","format":"standard","meta":{"fifu_image_url":"http:\/\/www.leaders.com.tn\/uploads\/content\/thumbnails_small\/1630616981_article.jpg","fifu_image_alt":"\u00abVision\u00bb pour une Tunisie R\u00e9publicaine et Ouverte sur le Monde: Appel citoyen au Pr\u00e9sident de la R\u00e9publique","footnotes":""},"categories":[73,55],"tags":[],"class_list":["post-125971","post","type-post","status-publish","format-standard","hentry","category-actualite","category-tunisie"],"_links":{"self":[{"href":"https:\/\/linitiative.ca\/International\/wp-json\/wp\/v2\/posts\/125971","targetHints":{"allow":["GET"]}}],"collection":[{"href":"https:\/\/linitiative.ca\/International\/wp-json\/wp\/v2\/posts"}],"about":[{"href":"https:\/\/linitiative.ca\/International\/wp-json\/wp\/v2\/types\/post"}],"author":[{"embeddable":true,"href":"https:\/\/linitiative.ca\/International\/wp-json\/wp\/v2\/users\/1772"}],"replies":[{"embeddable":true,"href":"https:\/\/linitiative.ca\/International\/wp-json\/wp\/v2\/comments?post=125971"}],"version-history":[{"count":0,"href":"https:\/\/linitiative.ca\/International\/wp-json\/wp\/v2\/posts\/125971\/revisions"}],"wp:attachment":[{"href":"https:\/\/linitiative.ca\/International\/wp-json\/wp\/v2\/media?parent=125971"}],"wp:term":[{"taxonomy":"category","embeddable":true,"href":"https:\/\/linitiative.ca\/International\/wp-json\/wp\/v2\/categories?post=125971"},{"taxonomy":"post_tag","embeddable":true,"href":"https:\/\/linitiative.ca\/International\/wp-json\/wp\/v2\/tags?post=125971"}],"curies":[{"name":"wp","href":"https:\/\/api.w.org\/{rel}","templated":true}]}}