{"id":125973,"date":"2021-09-03T08:21:00","date_gmt":"2021-09-03T12:21:00","guid":{"rendered":"https:\/\/linitiative.ca\/International\/les-batailles-de-kais-saied-pour-comprendre-lagenda-du-president\/"},"modified":"2021-09-03T08:21:00","modified_gmt":"2021-09-03T12:21:00","slug":"les-batailles-de-kais-saied-pour-comprendre-lagenda-du-president","status":"publish","type":"post","link":"https:\/\/linitiative.ca\/International\/les-batailles-de-kais-saied-pour-comprendre-lagenda-du-president\/","title":{"rendered":"Les batailles de Kais Sa\u00efed\u2026 Pour comprendre l\u2019agenda du Pr\u00e9sident"},"content":{"rendered":"<div><img decoding=\"async\" src=\"https:\/\/linitiative.ca\/International\/wp-content\/uploads\/sites\/23\/2021\/09\/1630670224_article.jpg\" alt=\"Les batailles de Kais Sa\u00efed\u2026 Pour comprendre l\u2019agenda du Pr\u00e9sident\" align=\"left\">Par Sofiane Zribi &#8211; On peut reprocher au pr\u00e9sident Kais Sa\u00efed de faire du populisme \u00e0 deux sous, d\u2019agir contre les hommes d\u2019affaires et de se faire une sorte de Hugo Chavez ou tout autre politique que les t\u00eates bien pensantes du capitalisme mondial ont en horreur.<br \/>\nBien plus proches de nous, certains lui reprochent du faire du Kadhafi alors qu\u2019on voit fleurir les appels \u00e0 relire le Livre Vert pour se convaincre de sa d\u00e9marche.<br \/>\nEn gros, Kais Sa\u00efed est d\u00e9crit par les uns comme un dangereux communiste, un anarchiste pour les autres et pour les poules mouill\u00e9es toujours angoiss\u00e9es devant les visages barbus, un extr\u00e9miste islamiste camoufl\u00e9.<br \/>\nIls donnent pour preuves un caf\u00e9 &#8230;<\/p>\n<\/div>\n<p>Auteur:<br \/>\n<a href=\"https:\/\/www.leaders.com.tn\/article\/32361-les-batailles-de-kais-saied-pour-comprendre-l-agenda-du-president\">Cliquez ici pour lire l&rsquo;article depuis sa source.<\/a><\/p>\n","protected":false},"excerpt":{"rendered":"<p>Par Sofiane Zribi &#8211; On peut reprocher au pr\u00e9sident Kais Sa\u00efed de faire du populisme \u00e0 deux sous, d\u2019agir contre les hommes d\u2019affaires et de se faire une sorte de Hugo Chavez ou tout autre politique que les t\u00eates bien pensantes du capitalisme mondial ont en horreur. Bien plus proches de nous, certains lui reprochent [&hellip;]<\/p>\n","protected":false},"author":1772,"featured_media":0,"comment_status":"closed","ping_status":"closed","sticky":false,"template":"","format":"standard","meta":{"fifu_image_url":"http:\/\/www.leaders.com.tn\/uploads\/content\/thumbnails_small\/1630670224_article.jpg","fifu_image_alt":"Les batailles de Kais Sa\u00efed\u2026 Pour comprendre l\u2019agenda du Pr\u00e9sident","footnotes":""},"categories":[73,55],"tags":[],"class_list":["post-125973","post","type-post","status-publish","format-standard","hentry","category-actualite","category-tunisie"],"_links":{"self":[{"href":"https:\/\/linitiative.ca\/International\/wp-json\/wp\/v2\/posts\/125973","targetHints":{"allow":["GET"]}}],"collection":[{"href":"https:\/\/linitiative.ca\/International\/wp-json\/wp\/v2\/posts"}],"about":[{"href":"https:\/\/linitiative.ca\/International\/wp-json\/wp\/v2\/types\/post"}],"author":[{"embeddable":true,"href":"https:\/\/linitiative.ca\/International\/wp-json\/wp\/v2\/users\/1772"}],"replies":[{"embeddable":true,"href":"https:\/\/linitiative.ca\/International\/wp-json\/wp\/v2\/comments?post=125973"}],"version-history":[{"count":0,"href":"https:\/\/linitiative.ca\/International\/wp-json\/wp\/v2\/posts\/125973\/revisions"}],"wp:attachment":[{"href":"https:\/\/linitiative.ca\/International\/wp-json\/wp\/v2\/media?parent=125973"}],"wp:term":[{"taxonomy":"category","embeddable":true,"href":"https:\/\/linitiative.ca\/International\/wp-json\/wp\/v2\/categories?post=125973"},{"taxonomy":"post_tag","embeddable":true,"href":"https:\/\/linitiative.ca\/International\/wp-json\/wp\/v2\/tags?post=125973"}],"curies":[{"name":"wp","href":"https:\/\/api.w.org\/{rel}","templated":true}]}}