{"id":125977,"date":"2021-09-03T11:00:00","date_gmt":"2021-09-03T15:00:00","guid":{"rendered":"https:\/\/linitiative.ca\/International\/12-17-ans-voici-la-liste-des-vaccinodromes\/"},"modified":"2021-09-03T11:00:00","modified_gmt":"2021-09-03T15:00:00","slug":"12-17-ans-voici-la-liste-des-vaccinodromes","status":"publish","type":"post","link":"https:\/\/linitiative.ca\/International\/12-17-ans-voici-la-liste-des-vaccinodromes\/","title":{"rendered":"12-17 ans. Voici la liste des vaccinodromes"},"content":{"rendered":"<div><img decoding=\"async\" width=\"780\" height=\"468\" src=\"https:\/\/linitiative.ca\/International\/wp-content\/uploads\/sites\/23\/2021\/09\/Saaid-Amzazi-ministre-de-lEducation-nationale-et-Khalid-Ait-Taleb-ministre-de-la-Sante.jpg\" class=\"attachment-post-thumbnail size-post-thumbnail wp-post-image\" alt=\"\" loading=\"lazy\" srcset=\"https:\/\/linitiative.ca\/International\/wp-content\/uploads\/sites\/23\/2021\/09\/Saaid-Amzazi-ministre-de-lEducation-nationale-et-Khalid-Ait-Taleb-ministre-de-la-Sante.jpg 780w, https:\/\/www.challenge.ma\/wp-content\/uploads\/2021\/09\/Saaid-Amzazi-ministre-de-lEducation-nationale-et-Khalid-Ait-Taleb-ministre-de-la-Sante-300x180.jpg 300w, https:\/\/www.challenge.ma\/wp-content\/uploads\/2021\/09\/Saaid-Amzazi-ministre-de-lEducation-nationale-et-Khalid-Ait-Taleb-ministre-de-la-Sante-768x461.jpg 768w, https:\/\/www.challenge.ma\/wp-content\/uploads\/2021\/09\/Saaid-Amzazi-ministre-de-lEducation-nationale-et-Khalid-Ait-Taleb-ministre-de-la-Sante-360x216.jpg 360w, https:\/\/www.challenge.ma\/wp-content\/uploads\/2021\/09\/Saaid-Amzazi-ministre-de-lEducation-nationale-et-Khalid-Ait-Taleb-ministre-de-la-Sante-750x450.jpg 750w\" sizes=\"auto, (max-width: 780px) 100vw, 780px\" itemprop=\"image\">Depuis le 31 ao\u00fbt, une vaste op\u00e9ration de vaccination anti-Covid 19 au profit des \u00e9l\u00e8ves de la tranche d\u2019\u00e2ge 12-17 ans a \u00e9t\u00e9 amorc\u00e9e. Voici les emplacements des vaccinodromes de toutes les villes. Cette op\u00e9ration va b\u00e9n\u00e9ficier aux \u00e9l\u00e8ves d\u2019enseignement public et priv\u00e9 et des \u00e9coles des missions \u00e9trang\u00e8res, afin<\/div>\n<p>Auteur: challenge<br \/>\n<a href=\"https:\/\/www.challenge.ma\/12-17-ans-voici-la-liste-des-vaccinodromes-197376\/\">Cliquez ici pour lire l&rsquo;article depuis sa source.<\/a><\/p>\n","protected":false},"excerpt":{"rendered":"<p>Depuis le 31 ao\u00fbt, une vaste op\u00e9ration de vaccination anti-Covid 19 au profit des \u00e9l\u00e8ves de la tranche d\u2019\u00e2ge 12-17 ans a \u00e9t\u00e9 amorc\u00e9e. Voici les emplacements des vaccinodromes de toutes les villes. Cette op\u00e9ration va b\u00e9n\u00e9ficier aux \u00e9l\u00e8ves d\u2019enseignement public et priv\u00e9 et des \u00e9coles des missions \u00e9trang\u00e8res, afin Auteur: challenge Cliquez ici pour [&hellip;]<\/p>\n","protected":false},"author":1787,"featured_media":0,"comment_status":"closed","ping_status":"closed","sticky":false,"template":"","format":"standard","meta":{"fifu_image_url":"https:\/\/www.challenge.ma\/wp-content\/uploads\/2021\/09\/Saaid-Amzazi-ministre-de-lEducation-nationale-et-Khalid-Ait-Taleb-ministre-de-la-Sante.jpg","fifu_image_alt":"12-17 ans. Voici la liste des vaccinodromes","footnotes":""},"categories":[78,54],"tags":[],"class_list":["post-125977","post","type-post","status-publish","format-standard","hentry","category-economie","category-maroc"],"_links":{"self":[{"href":"https:\/\/linitiative.ca\/International\/wp-json\/wp\/v2\/posts\/125977","targetHints":{"allow":["GET"]}}],"collection":[{"href":"https:\/\/linitiative.ca\/International\/wp-json\/wp\/v2\/posts"}],"about":[{"href":"https:\/\/linitiative.ca\/International\/wp-json\/wp\/v2\/types\/post"}],"author":[{"embeddable":true,"href":"https:\/\/linitiative.ca\/International\/wp-json\/wp\/v2\/users\/1787"}],"replies":[{"embeddable":true,"href":"https:\/\/linitiative.ca\/International\/wp-json\/wp\/v2\/comments?post=125977"}],"version-history":[{"count":0,"href":"https:\/\/linitiative.ca\/International\/wp-json\/wp\/v2\/posts\/125977\/revisions"}],"wp:attachment":[{"href":"https:\/\/linitiative.ca\/International\/wp-json\/wp\/v2\/media?parent=125977"}],"wp:term":[{"taxonomy":"category","embeddable":true,"href":"https:\/\/linitiative.ca\/International\/wp-json\/wp\/v2\/categories?post=125977"},{"taxonomy":"post_tag","embeddable":true,"href":"https:\/\/linitiative.ca\/International\/wp-json\/wp\/v2\/tags?post=125977"}],"curies":[{"name":"wp","href":"https:\/\/api.w.org\/{rel}","templated":true}]}}