{"id":12598,"date":"2019-02-08T18:00:00","date_gmt":"2019-02-08T23:00:00","guid":{"rendered":"https:\/\/linitiative.ca\/International\/prevention-des-risques-le-projet-de-loi-en-examen\/"},"modified":"2019-02-08T18:00:00","modified_gmt":"2019-02-08T23:00:00","slug":"prevention-des-risques-le-projet-de-loi-en-examen","status":"publish","type":"post","link":"https:\/\/linitiative.ca\/International\/prevention-des-risques-le-projet-de-loi-en-examen\/","title":{"rendered":"Pr\u00e9vention des risques : Le projet de loi en examen"},"content":{"rendered":"<div class=\"TxArtcile\" readability=\"34\">\n<p>Un nombre de responsables et de sp\u00e9cialistes, auditionn\u00e9s jeudi par la Commission des affaires juridiques et administratives et des libert\u00e9s, ont mis l&rsquo;accent sur l&rsquo;importance du projet de loi relatif aux r\u00e8gles g\u00e9n\u00e9rales de pr\u00e9vention des risques d&rsquo;incendie et de panique, notamment les articles traitant des mesures de contr\u00f4le.<br \/>\u00a0La Commission des affaires juridiques et administratives et des libert\u00e9s a poursuivi ces travaux, dans le cadre de l&rsquo;examen du projet de la loi relative aux r\u00e8gles g\u00e9n\u00e9rales de pr\u00e9vention des risques d&rsquo;incendie et de panique, par la tenue d&rsquo;une rencontre pr\u00e9sid\u00e9e par M.\u2008Amar Djilani, pr\u00e9sident de la Commission, consacr\u00e9e \u00e0 l&rsquo;audition d&rsquo;un nombre de responsables de compagnies d&rsquo;assurance, de professeurs universitaires et de cadres du minist\u00e8re de l\u2019Int\u00e9rieur, des Collectivit\u00e9s locales et de l\u2019Am\u00e9nagement du territoire. Les sp\u00e9cialistes et experts auditionn\u00e9s ont tous mis l&rsquo;accent sur \u00abl&rsquo;extr\u00eame importance\u00bb de cette loi, notamment les articles traitant des mesures de contr\u00f4le, estimant que \u00abl&rsquo;assurance contre ces risques \u00e9tait n\u00e9cessaire pour prot\u00e9ger l&rsquo;\u00e9conomie nationale et les droits du citoyen\u00bb. Ce texte de loi \u00ab\u00e9vitera au citoyen, aux compagnies d&rsquo;assurances et aux biens publics et priv\u00e9s les risques d&rsquo;incendie et de panique\u00bb, ont-ils affirm\u00e9. Rappelant l&rsquo;importance de ce projet de loi, M. Djilani a \u00e9voqu\u00e9 les principaux axes qui y figurent.<br \/>\u00abL&rsquo;assurance contre les risques d&rsquo;incendie est une protection pour les personnes, les biens et les intervenants en cas d&rsquo;incendie ou de panique, permettant \u00e9galement aux personnes sinistr\u00e9es de b\u00e9n\u00e9ficier d&rsquo;indemnisationscorrespondant \u00e0 l&rsquo;ampleur des d\u00e9g\u00e2ts\u00bb, ont-ils expliqu\u00e9.<br \/>\u00a0\u00abLa protection est la responsabilit\u00e9 de toutes les composantes de la soci\u00e9t\u00e9\u00bb, ont-ils pr\u00e9cis\u00e9, ajoutant que \u00absans la contribution de toutes les parties, le d\u00e9veloppement durable et la protection de l&rsquo;environnement ne sauraient se r\u00e9aliser\u00bb. Pour rappel, cette r\u00e9union a \u00e9t\u00e9 consacr\u00e9e \u00e0 l&rsquo;audition du PDG de la Soci\u00e9t\u00e9 nationale d&rsquo;assurance (SAA), du directeur central des risques industriels \u00e0 la SAA, du conseiller du PDG d&rsquo;Alliance assurance charg\u00e9 des affaires techniques et de deux professeurs de l&rsquo;universit\u00e9 de Bab Ezzouar, en pr\u00e9sence de repr\u00e9sentants du minist\u00e8re de l&rsquo;Int\u00e9rieur.<\/p>\n<\/div>\n<div class=\"ModliArtilUne\">\n<ul>\n<li><strong>Publi\u00e9 dans :<\/strong><\/li>\n<\/ul>\n<\/div>\n<div class=\"MbComIns\" id=\"newcom\" readability=\"5.69402985075\">\n<h6>DONNEZ VOTRE AVIS<\/h6>\n<p>Il n&rsquo;y a actuellement aucune r\u00e9action \u00e0 cette information. Soyez le premier \u00e0 r\u00e9agir !<\/p>\n<p><a href=\"\" rel=\"#popup\" class=\"login resetbutton\">Identifiez-vous<\/a><a class=\"button\" href=\"http:\/\/www.elmoudjahid.com\/fr\/inscription\/\"><span>S&rsquo;inscrire<\/span><\/a><\/p>\n<\/div>\n","protected":false},"excerpt":{"rendered":"<p>Un nombre de responsables et de sp\u00e9cialistes, auditionn\u00e9s jeudi par la Commission des affaires juridiques et administratives et des libert\u00e9s, ont mis l&rsquo;accent sur l&rsquo;importance du projet de loi relatif aux r\u00e8gles g\u00e9n\u00e9rales de pr\u00e9vention des risques d&rsquo;incendie et de panique, notamment les articles traitant des mesures de contr\u00f4le.\u00a0La Commission des affaires juridiques et administratives [&hellip;]<\/p>\n","protected":false},"author":1744,"featured_media":0,"comment_status":"closed","ping_status":"closed","sticky":false,"template":"","format":"standard","meta":{"fifu_image_url":"","fifu_image_alt":"","footnotes":""},"categories":[73,53],"tags":[],"class_list":["post-12598","post","type-post","status-publish","format-standard","hentry","category-actualite","category-algerie"],"_links":{"self":[{"href":"https:\/\/linitiative.ca\/International\/wp-json\/wp\/v2\/posts\/12598","targetHints":{"allow":["GET"]}}],"collection":[{"href":"https:\/\/linitiative.ca\/International\/wp-json\/wp\/v2\/posts"}],"about":[{"href":"https:\/\/linitiative.ca\/International\/wp-json\/wp\/v2\/types\/post"}],"author":[{"embeddable":true,"href":"https:\/\/linitiative.ca\/International\/wp-json\/wp\/v2\/users\/1744"}],"replies":[{"embeddable":true,"href":"https:\/\/linitiative.ca\/International\/wp-json\/wp\/v2\/comments?post=12598"}],"version-history":[{"count":0,"href":"https:\/\/linitiative.ca\/International\/wp-json\/wp\/v2\/posts\/12598\/revisions"}],"wp:attachment":[{"href":"https:\/\/linitiative.ca\/International\/wp-json\/wp\/v2\/media?parent=12598"}],"wp:term":[{"taxonomy":"category","embeddable":true,"href":"https:\/\/linitiative.ca\/International\/wp-json\/wp\/v2\/categories?post=12598"},{"taxonomy":"post_tag","embeddable":true,"href":"https:\/\/linitiative.ca\/International\/wp-json\/wp\/v2\/tags?post=12598"}],"curies":[{"name":"wp","href":"https:\/\/api.w.org\/{rel}","templated":true}]}}