{"id":125983,"date":"2021-09-03T15:58:12","date_gmt":"2021-09-03T19:58:12","guid":{"rendered":"https:\/\/linitiative.ca\/International\/elections-legislatives-un-enjeu-capital-pour-notre-democratie-par-mohamed-elkhoulassa\/"},"modified":"2021-09-03T15:58:12","modified_gmt":"2021-09-03T19:58:12","slug":"elections-legislatives-un-enjeu-capital-pour-notre-democratie-par-mohamed-elkhoulassa","status":"publish","type":"post","link":"https:\/\/linitiative.ca\/International\/elections-legislatives-un-enjeu-capital-pour-notre-democratie-par-mohamed-elkhoulassa\/","title":{"rendered":"Elections l\u00e9gislatives, un enjeu capital pour notre d\u00e9mocratie [ Par Mohamed Elkhoulassa ]"},"content":{"rendered":"<div><img decoding=\"async\" width=\"588\" height=\"331\" src=\"https:\/\/linitiative.ca\/International\/wp-content\/uploads\/sites\/23\/2021\/09\/elections.jpeg\" class=\"attachment-post-thumbnail size-post-thumbnail wp-post-image\" alt=\"\" loading=\"lazy\" srcset=\"https:\/\/linitiative.ca\/International\/wp-content\/uploads\/sites\/23\/2021\/09\/elections.jpeg 588w, https:\/\/www.challenge.ma\/wp-content\/uploads\/2021\/07\/elections-300x169.jpeg 300w, https:\/\/www.challenge.ma\/wp-content\/uploads\/2021\/07\/elections-360x203.jpeg 360w\" sizes=\"auto, (max-width: 588px) 100vw, 588px\" itemprop=\"image\">Dans une semaine, le 8 septembre 2021, nous sommes appel\u00e9s \u00e0 voter, en tant que marocains, lors des \u00e9lections l\u00e9gislatives, r\u00e9gionales et communales, visant \u00e0 renouveler les si\u00e8ges de la chambre des repr\u00e9sentants. L\u2019enjeu de ce scrutin n\u2019\u00e9chappe \u00e0 personne, surtout quand on le met en perspective avec le contexte<\/div>\n<p>Auteur: challenge<br \/>\n<a href=\"https:\/\/www.challenge.ma\/elections-legislatives-un-enjeu-capital-pour-notre-democratie-tribune-197435\/\">Cliquez ici pour lire l&rsquo;article depuis sa source.<\/a><\/p>\n","protected":false},"excerpt":{"rendered":"<p>Dans une semaine, le 8 septembre 2021, nous sommes appel\u00e9s \u00e0 voter, en tant que marocains, lors des \u00e9lections l\u00e9gislatives, r\u00e9gionales et communales, visant \u00e0 renouveler les si\u00e8ges de la chambre des repr\u00e9sentants. L\u2019enjeu de ce scrutin n\u2019\u00e9chappe \u00e0 personne, surtout quand on le met en perspective avec le contexte Auteur: challenge Cliquez ici pour [&hellip;]<\/p>\n","protected":false},"author":1787,"featured_media":0,"comment_status":"closed","ping_status":"closed","sticky":false,"template":"","format":"standard","meta":{"fifu_image_url":"https:\/\/www.challenge.ma\/wp-content\/uploads\/2021\/07\/elections.jpeg","fifu_image_alt":"Elections l\u00e9gislatives, un enjeu capital pour notre d\u00e9mocratie [ Par Mohamed Elkhoulassa ]","footnotes":""},"categories":[78,54],"tags":[],"class_list":["post-125983","post","type-post","status-publish","format-standard","hentry","category-economie","category-maroc"],"_links":{"self":[{"href":"https:\/\/linitiative.ca\/International\/wp-json\/wp\/v2\/posts\/125983","targetHints":{"allow":["GET"]}}],"collection":[{"href":"https:\/\/linitiative.ca\/International\/wp-json\/wp\/v2\/posts"}],"about":[{"href":"https:\/\/linitiative.ca\/International\/wp-json\/wp\/v2\/types\/post"}],"author":[{"embeddable":true,"href":"https:\/\/linitiative.ca\/International\/wp-json\/wp\/v2\/users\/1787"}],"replies":[{"embeddable":true,"href":"https:\/\/linitiative.ca\/International\/wp-json\/wp\/v2\/comments?post=125983"}],"version-history":[{"count":0,"href":"https:\/\/linitiative.ca\/International\/wp-json\/wp\/v2\/posts\/125983\/revisions"}],"wp:attachment":[{"href":"https:\/\/linitiative.ca\/International\/wp-json\/wp\/v2\/media?parent=125983"}],"wp:term":[{"taxonomy":"category","embeddable":true,"href":"https:\/\/linitiative.ca\/International\/wp-json\/wp\/v2\/categories?post=125983"},{"taxonomy":"post_tag","embeddable":true,"href":"https:\/\/linitiative.ca\/International\/wp-json\/wp\/v2\/tags?post=125983"}],"curies":[{"name":"wp","href":"https:\/\/api.w.org\/{rel}","templated":true}]}}