{"id":125985,"date":"2021-09-03T11:20:28","date_gmt":"2021-09-03T15:20:28","guid":{"rendered":"https:\/\/linitiative.ca\/International\/fatma-mseddi-appelle-les-instances-judiciaires-a-agir-pour-eviter-les-proces-populaires\/"},"modified":"2021-09-03T11:20:28","modified_gmt":"2021-09-03T15:20:28","slug":"fatma-mseddi-appelle-les-instances-judiciaires-a-agir-pour-eviter-les-proces-populaires","status":"publish","type":"post","link":"https:\/\/linitiative.ca\/International\/fatma-mseddi-appelle-les-instances-judiciaires-a-agir-pour-eviter-les-proces-populaires\/","title":{"rendered":"Fatma Mseddi appelle les instances judiciaires \u00e0 agir pour \u00e9viter les proc\u00e8s populaires"},"content":{"rendered":"<div>\n<p>Dans un post qu\u2019elle a intitul\u00e9 \u201cdiffamation et proc\u00e8s\u201d, l\u2019ancienne d\u00e9put\u00e9e Fatma Mseddi a appel\u00e9 les instances judiciaires \u00e0 agir au plus vite pour \u00e9viter les proc\u00e8s populaires. Les tunisiens en ont marre de la politique de l\u2019impunit\u00e9 qui dure depuis plus de 10 ans. Cette politique instaur\u00e9e par le Mouvement Ennahdha et ses complices [\u2026]<\/p>\n<p>L\u2019article <a href=\"https:\/\/www.tunisienumerique.com\/fatma-mseddi-appelle-les-instances-judiciaires-a-agir-pour-eviter-les-proces-populaires\/\">Fatma Mseddi appelle les instances judiciaires \u00e0 agir pour \u00e9viter les proc\u00e8s populaires<\/a> est apparu en premier sur <a href=\"https:\/\/www.tunisienumerique.com\/\">Tunisie<\/a>.<\/p>\n<\/div>\n<p>Auteur: Mayara<br \/>\n<a href=\"https:\/\/www.tunisienumerique.com\/fatma-mseddi-appelle-les-instances-judiciaires-a-agir-pour-eviter-les-proces-populaires\/\">Cliquez ici pour lire l&rsquo;article depuis sa source.<\/a><\/p>\n","protected":false},"excerpt":{"rendered":"<p>Dans un post qu\u2019elle a intitul\u00e9 \u201cdiffamation et proc\u00e8s\u201d, l\u2019ancienne d\u00e9put\u00e9e Fatma Mseddi a appel\u00e9 les instances judiciaires \u00e0 agir au plus vite pour \u00e9viter les proc\u00e8s populaires. Les tunisiens en ont marre de la politique de l\u2019impunit\u00e9 qui dure depuis plus de 10 ans. Cette politique instaur\u00e9e par le Mouvement Ennahdha et ses complices [&hellip;]<\/p>\n","protected":false},"author":1789,"featured_media":0,"comment_status":"closed","ping_status":"closed","sticky":false,"template":"","format":"standard","meta":{"fifu_image_url":"","fifu_image_alt":"","footnotes":""},"categories":[73,55],"tags":[],"class_list":["post-125985","post","type-post","status-publish","format-standard","hentry","category-actualite","category-tunisie"],"_links":{"self":[{"href":"https:\/\/linitiative.ca\/International\/wp-json\/wp\/v2\/posts\/125985","targetHints":{"allow":["GET"]}}],"collection":[{"href":"https:\/\/linitiative.ca\/International\/wp-json\/wp\/v2\/posts"}],"about":[{"href":"https:\/\/linitiative.ca\/International\/wp-json\/wp\/v2\/types\/post"}],"author":[{"embeddable":true,"href":"https:\/\/linitiative.ca\/International\/wp-json\/wp\/v2\/users\/1789"}],"replies":[{"embeddable":true,"href":"https:\/\/linitiative.ca\/International\/wp-json\/wp\/v2\/comments?post=125985"}],"version-history":[{"count":0,"href":"https:\/\/linitiative.ca\/International\/wp-json\/wp\/v2\/posts\/125985\/revisions"}],"wp:attachment":[{"href":"https:\/\/linitiative.ca\/International\/wp-json\/wp\/v2\/media?parent=125985"}],"wp:term":[{"taxonomy":"category","embeddable":true,"href":"https:\/\/linitiative.ca\/International\/wp-json\/wp\/v2\/categories?post=125985"},{"taxonomy":"post_tag","embeddable":true,"href":"https:\/\/linitiative.ca\/International\/wp-json\/wp\/v2\/tags?post=125985"}],"curies":[{"name":"wp","href":"https:\/\/api.w.org\/{rel}","templated":true}]}}