{"id":125987,"date":"2021-09-03T11:58:47","date_gmt":"2021-09-03T15:58:47","guid":{"rendered":"https:\/\/linitiative.ca\/International\/pdl-une-manifestation-feminine-devant-le-siege-de-lunion-des-savants-musulmans-video-photos\/"},"modified":"2021-09-03T11:58:47","modified_gmt":"2021-09-03T15:58:47","slug":"pdl-une-manifestation-feminine-devant-le-siege-de-lunion-des-savants-musulmans-video-photos","status":"publish","type":"post","link":"https:\/\/linitiative.ca\/International\/pdl-une-manifestation-feminine-devant-le-siege-de-lunion-des-savants-musulmans-video-photos\/","title":{"rendered":"PDL: Une manifestation f\u00e9minine devant le si\u00e8ge de l\u2019Union des savants musulmans [vid\u00e9o+ photos]"},"content":{"rendered":"<div>\n<p>Le PDL a organis\u00e9 aujourd\u2019hui un rassemblement protestataire f\u00e9minin devant le si\u00e8ge de l\u2019Union des savants musulmans \u00e0 l\u2019avenue Kheireddine Pacha, sous le slogan \u00ab Femmes tunisiennes en col\u00e8re \u00bb. La Tunisie est un pays libre et Al-Qarad\u00e2w\u00ee n\u2019a pas sa place en notre pays, ont cri\u00e9 les manifestantes. Les protestataires ont appel\u00e9 le pr\u00e9sident [\u2026]<\/p>\n<p>L\u2019article <a href=\"https:\/\/www.tunisienumerique.com\/pdl-une-manifestation-feminine-devant-le-siege-de-lunion-des-savants-musulmans-video-photos\/\">PDL: Une manifestation f\u00e9minine devant le si\u00e8ge de l\u2019Union des savants musulmans [vid\u00e9o+ photos]<\/a> est apparu en premier sur <a href=\"https:\/\/www.tunisienumerique.com\/\">Tunisie<\/a>.<\/p>\n<\/div>\n<p>Auteur: Mayara<br \/>\n<a href=\"https:\/\/www.tunisienumerique.com\/pdl-une-manifestation-feminine-devant-le-siege-de-lunion-des-savants-musulmans-video-photos\/\">Cliquez ici pour lire l&rsquo;article depuis sa source.<\/a><\/p>\n","protected":false},"excerpt":{"rendered":"<p>Le PDL a organis\u00e9 aujourd\u2019hui un rassemblement protestataire f\u00e9minin devant le si\u00e8ge de l\u2019Union des savants musulmans \u00e0 l\u2019avenue Kheireddine Pacha, sous le slogan \u00ab Femmes tunisiennes en col\u00e8re \u00bb. La Tunisie est un pays libre et Al-Qarad\u00e2w\u00ee n\u2019a pas sa place en notre pays, ont cri\u00e9 les manifestantes. Les protestataires ont appel\u00e9 le pr\u00e9sident [&hellip;]<\/p>\n","protected":false},"author":1789,"featured_media":0,"comment_status":"closed","ping_status":"closed","sticky":false,"template":"","format":"standard","meta":{"fifu_image_url":"","fifu_image_alt":"","footnotes":""},"categories":[73,55],"tags":[],"class_list":["post-125987","post","type-post","status-publish","format-standard","hentry","category-actualite","category-tunisie"],"_links":{"self":[{"href":"https:\/\/linitiative.ca\/International\/wp-json\/wp\/v2\/posts\/125987","targetHints":{"allow":["GET"]}}],"collection":[{"href":"https:\/\/linitiative.ca\/International\/wp-json\/wp\/v2\/posts"}],"about":[{"href":"https:\/\/linitiative.ca\/International\/wp-json\/wp\/v2\/types\/post"}],"author":[{"embeddable":true,"href":"https:\/\/linitiative.ca\/International\/wp-json\/wp\/v2\/users\/1789"}],"replies":[{"embeddable":true,"href":"https:\/\/linitiative.ca\/International\/wp-json\/wp\/v2\/comments?post=125987"}],"version-history":[{"count":0,"href":"https:\/\/linitiative.ca\/International\/wp-json\/wp\/v2\/posts\/125987\/revisions"}],"wp:attachment":[{"href":"https:\/\/linitiative.ca\/International\/wp-json\/wp\/v2\/media?parent=125987"}],"wp:term":[{"taxonomy":"category","embeddable":true,"href":"https:\/\/linitiative.ca\/International\/wp-json\/wp\/v2\/categories?post=125987"},{"taxonomy":"post_tag","embeddable":true,"href":"https:\/\/linitiative.ca\/International\/wp-json\/wp\/v2\/tags?post=125987"}],"curies":[{"name":"wp","href":"https:\/\/api.w.org\/{rel}","templated":true}]}}