{"id":12599,"date":"2019-02-08T18:00:00","date_gmt":"2019-02-08T23:00:00","guid":{"rendered":"https:\/\/linitiative.ca\/International\/sante-finaliser-les-projets-avec-cuba\/"},"modified":"2019-02-08T18:00:00","modified_gmt":"2019-02-08T23:00:00","slug":"sante-finaliser-les-projets-avec-cuba","status":"publish","type":"post","link":"https:\/\/linitiative.ca\/International\/sante-finaliser-les-projets-avec-cuba\/","title":{"rendered":"Sant\u00e9 : Finaliser les projets avec Cuba"},"content":{"rendered":"<p>Le ministre de la Sant\u00e9, de la Population et de la R\u00e9forme hospitali\u00e8re, Mokhtar Hasbellaoui, a \u00e9voqu\u00e9, jeudi dernier, avec la vice-ministre cubain de la Sant\u00e9, Marcia Cobas Ruiz, les pr\u00e9paratifs de la 22e session de la Commission mixte\u00a0 intergouvernementale, pr\u00e9vue du 19 au 21 f\u00e9vrier \u00e0 Alger.<\/p>\n<p>Cette session, qui sera ax\u00e9e sur \u00able d\u00e9veloppement des relations bilat\u00e9rales dans diff\u00e9rents secteurs de la sant\u00e9, notamment en mati\u00e8re d&rsquo;industrie pharmaceutique\u00bb, sera copr\u00e9sid\u00e9e par le ministre de la Sant\u00e9 et son homologue cubain du Commerce ext\u00e9rieur et de l&rsquo;Investissement \u00e9tranger,<br \/>Dans ce cadre, il a \u00e9t\u00e9 convenu de constituer un groupe de travail mixte pour \u00abfinaliser les projets inclus par les deux parties, qui feront l&rsquo;objet du programme de travail de cette r\u00e9union de coop\u00e9ration, portant principalement sur les soins de base, les produits pharmaceutiques, la num\u00e9risation et le dossier \u00e9lectronique du patient, la biom\u00e9dicale et la maintenance\u00bb, pr\u00e9cise la m\u00eame source.<br \/>M. Hasbellaoui et la vice-ministre cubaine de la Sant\u00e9 ont, \u00e9galement, abord\u00e9 lors de leur entretien \u00ables diff\u00e9rents domaines de la coop\u00e9ration bilat\u00e9rale dans le domaine de la sant\u00e9 \u00e0 la lumi\u00e8re des d\u00e9cisions prises par le Pr\u00e9sident Abdelaziz Bouteflika et son homologue cubain, particuli\u00e8rement dans le domaine de l&rsquo;industrie pharmaceutique et l&rsquo;\u00e9change d&rsquo;exp\u00e9riences\u00bb.<br \/>\u00a0<\/p>\n","protected":false},"excerpt":{"rendered":"<p>Le ministre de la Sant\u00e9, de la Population et de la R\u00e9forme hospitali\u00e8re, Mokhtar Hasbellaoui, a \u00e9voqu\u00e9, jeudi dernier, avec la vice-ministre cubain de la Sant\u00e9, Marcia Cobas Ruiz, les pr\u00e9paratifs de la 22e session de la Commission mixte\u00a0 intergouvernementale, pr\u00e9vue du 19 au 21 f\u00e9vrier \u00e0 Alger. Cette session, qui sera ax\u00e9e sur \u00able [&hellip;]<\/p>\n","protected":false},"author":1744,"featured_media":0,"comment_status":"closed","ping_status":"closed","sticky":false,"template":"","format":"standard","meta":{"fifu_image_url":"","fifu_image_alt":"","footnotes":""},"categories":[73,53],"tags":[],"class_list":["post-12599","post","type-post","status-publish","format-standard","hentry","category-actualite","category-algerie"],"_links":{"self":[{"href":"https:\/\/linitiative.ca\/International\/wp-json\/wp\/v2\/posts\/12599","targetHints":{"allow":["GET"]}}],"collection":[{"href":"https:\/\/linitiative.ca\/International\/wp-json\/wp\/v2\/posts"}],"about":[{"href":"https:\/\/linitiative.ca\/International\/wp-json\/wp\/v2\/types\/post"}],"author":[{"embeddable":true,"href":"https:\/\/linitiative.ca\/International\/wp-json\/wp\/v2\/users\/1744"}],"replies":[{"embeddable":true,"href":"https:\/\/linitiative.ca\/International\/wp-json\/wp\/v2\/comments?post=12599"}],"version-history":[{"count":0,"href":"https:\/\/linitiative.ca\/International\/wp-json\/wp\/v2\/posts\/12599\/revisions"}],"wp:attachment":[{"href":"https:\/\/linitiative.ca\/International\/wp-json\/wp\/v2\/media?parent=12599"}],"wp:term":[{"taxonomy":"category","embeddable":true,"href":"https:\/\/linitiative.ca\/International\/wp-json\/wp\/v2\/categories?post=12599"},{"taxonomy":"post_tag","embeddable":true,"href":"https:\/\/linitiative.ca\/International\/wp-json\/wp\/v2\/tags?post=12599"}],"curies":[{"name":"wp","href":"https:\/\/api.w.org\/{rel}","templated":true}]}}