{"id":125990,"date":"2021-09-02T17:44:52","date_gmt":"2021-09-02T21:44:52","guid":{"rendered":"https:\/\/linitiative.ca\/International\/fermeture-du-lycee-philippe-zinda-kabore-le-personnel-exige-la-reouverture\/"},"modified":"2021-09-02T17:44:52","modified_gmt":"2021-09-02T21:44:52","slug":"fermeture-du-lycee-philippe-zinda-kabore-le-personnel-exige-la-reouverture","status":"publish","type":"post","link":"https:\/\/linitiative.ca\/International\/fermeture-du-lycee-philippe-zinda-kabore-le-personnel-exige-la-reouverture\/","title":{"rendered":"Fermeture du lyc\u00e9e Philippe-Zinda-Kabor\u00e9 : Le personnel exige la r\u00e9ouverture"},"content":{"rendered":"<div>\n<p><strong>Les d\u00e9l\u00e9gu\u00e9s du personnel du lyc\u00e9e Philippe-Zinda-Kabor\u00e9 ont anim\u00e9 une conf\u00e9rence de presse, le 2 septembre 2021, \u00e0 Ouagadougou, pour exhorter le gouvernement \u00e0 rouvrir l\u2019\u00e9tablissement. <\/strong><\/p>\n<p>Le personnel du lyc\u00e9e Philippe-Zinda-Kabor\u00e9, \u00ab dit non \u00bb \u00e0 la fermeture de l\u2019\u00e9tablissement pour la rentr\u00e9e scolaire 2021-2022. Les d\u00e9l\u00e9gu\u00e9s des travailleurs, l\u2019ont fait savoir, le 2 septembre 2021, \u00e0 Ouagadougou, lors d\u2019un point de presse au cours duquel ils ont appel\u00e9 le gouvernement \u00e0 reconsid\u00e9rer sa d\u00e9cision. A en croire, le d\u00e9l\u00e9gu\u00e9 du personnel, Karim Toussako\u00e9, la d\u00e9cision de l\u2019Ex\u00e9cutif de fermer le lyc\u00e9e est \u00ab politique \u00bb. Sinon, a-t-il pr\u00e9cis\u00e9, le lyc\u00e9e est aujourd\u2019hui fonctionnel.<\/p>\n<p>\u00abLes tables-bancs sont l\u00e0, les bureaux des enseignements aussi. Le mat\u00e9riel informatique et les donn\u00e9es n\u00e9cessaires au fonctionnement de l\u2019\u00e9tablissent sont rest\u00e9s intacts \u00bb, a-t-il poursuivi. Pour lui, au regard de ces \u00e9l\u00e9ments, les autorit\u00e9s ont un agenda cach\u00e9. M. Toussako\u00e9 a aussi relev\u00e9 que le gouvernement fait preuve de m\u00e9pris \u00e0 l\u2019endroit des pr\u00e9occupations des populations. Cela se traduit, s\u2019est-t-il exprim\u00e9, par le red\u00e9ploiement de pr\u00e8s de 4000 \u00e9l\u00e8ves dans les \u00e9tablissements de Ouagadougou \u00e0 quelques jours de la rentr\u00e9e scolaire.<\/p>\n<p>\u00abLa m\u00eame l\u00e9g\u00e8ret\u00e9 s\u2019est manifest\u00e9e concernant le sort des personnels dont le ministre en charge de l\u2019\u00e9ducation a annonc\u00e9 leur r\u00e9affectation de la capitale et d\u2019autres localit\u00e9s du pays \u00bb, a-t-il ajout\u00e9. Sur la question du d\u00e9ploiement des \u00e9l\u00e8ves, il s\u2019est interrog\u00e9 sur le statut qui va \u00eatre donn\u00e9 \u00e0 ces nouveaux \u00e9l\u00e8ves dans les \u00e9tablissements o\u00f9 ils sont affect\u00e9s. A l\u2019entendre, en fonction du statut, la scolarit\u00e9 n\u2019est pas la m\u00eame. De l\u2019avis du d\u00e9l\u00e9gu\u00e9 du personnel, il s\u2019agit d\u2019\u00abun plan pour que les mesures perceptibles dans le document de base des assises nationales \u00e0 savoir, la fin de la gratuit\u00e9, la suppression des bourses scolaires, la suppression du second tour aux examens puissent passer sans h\u00e9sitation \u00bb.<\/p>\n<p>Les conf\u00e9renciers ont par ailleurs appel\u00e9 le personnel \u00e0 se tenir pr\u00eat. \u00abIl n\u2019y a pas d\u2019action concr\u00e8te, pr\u00e9vue, mais nous appelons les \u00e9l\u00e8ves et leurs parents, \u00e0 rester solidaires avec le personnel pour les actions \u00e0 venir \u00bb, a lanc\u00e9, M. Toussako\u00e9.<\/p>\n<p style=\"text-align: right\"><strong>Aly SAWADOGO Justine MONNE<\/strong> (Stagiaire)<\/p>\n<p>L\u2019article <a rel=\"nofollow\" href=\"https:\/\/www.sidwaya.info\/blog\/2021\/09\/02\/fermeture-du-lycee-philippe-zinda-kabore-le-personnel-exige-la-reouverture\/\">Fermeture du lyc\u00e9e Philippe-Zinda-Kabor\u00e9 : Le personnel exige la r\u00e9ouverture<\/a> est apparu en premier sur <a rel=\"nofollow\" href=\"https:\/\/www.sidwaya.info\/\">Quotidien Sidwaya<\/a>.<\/p>\n<\/div>\n<p>Auteur: JK. Sidwaya<br \/>\n<a href=\"https:\/\/www.sidwaya.info\/blog\/2021\/09\/02\/fermeture-du-lycee-philippe-zinda-kabore-le-personnel-exige-la-reouverture\/\">Cliquez ici pour lire l&rsquo;article depuis sa source.<\/a><\/p>\n","protected":false},"excerpt":{"rendered":"<p>Les d\u00e9l\u00e9gu\u00e9s du personnel du lyc\u00e9e Philippe-Zinda-Kabor\u00e9 ont anim\u00e9 une conf\u00e9rence de presse, le 2 septembre 2021, \u00e0 Ouagadougou, pour exhorter le gouvernement \u00e0 rouvrir l\u2019\u00e9tablissement. Le personnel du lyc\u00e9e Philippe-Zinda-Kabor\u00e9, \u00ab dit non \u00bb \u00e0 la fermeture de l\u2019\u00e9tablissement pour la rentr\u00e9e scolaire 2021-2022. Les d\u00e9l\u00e9gu\u00e9s des travailleurs, l\u2019ont fait savoir, le 2 septembre [&hellip;]<\/p>\n","protected":false},"author":1816,"featured_media":0,"comment_status":"closed","ping_status":"closed","sticky":false,"template":"","format":"standard","meta":{"fifu_image_url":"","fifu_image_alt":"","footnotes":""},"categories":[73,81],"tags":[],"class_list":["post-125990","post","type-post","status-publish","format-standard","hentry","category-actualite","category-burkina-faso"],"_links":{"self":[{"href":"https:\/\/linitiative.ca\/International\/wp-json\/wp\/v2\/posts\/125990","targetHints":{"allow":["GET"]}}],"collection":[{"href":"https:\/\/linitiative.ca\/International\/wp-json\/wp\/v2\/posts"}],"about":[{"href":"https:\/\/linitiative.ca\/International\/wp-json\/wp\/v2\/types\/post"}],"author":[{"embeddable":true,"href":"https:\/\/linitiative.ca\/International\/wp-json\/wp\/v2\/users\/1816"}],"replies":[{"embeddable":true,"href":"https:\/\/linitiative.ca\/International\/wp-json\/wp\/v2\/comments?post=125990"}],"version-history":[{"count":0,"href":"https:\/\/linitiative.ca\/International\/wp-json\/wp\/v2\/posts\/125990\/revisions"}],"wp:attachment":[{"href":"https:\/\/linitiative.ca\/International\/wp-json\/wp\/v2\/media?parent=125990"}],"wp:term":[{"taxonomy":"category","embeddable":true,"href":"https:\/\/linitiative.ca\/International\/wp-json\/wp\/v2\/categories?post=125990"},{"taxonomy":"post_tag","embeddable":true,"href":"https:\/\/linitiative.ca\/International\/wp-json\/wp\/v2\/tags?post=125990"}],"curies":[{"name":"wp","href":"https:\/\/api.w.org\/{rel}","templated":true}]}}