{"id":125991,"date":"2021-09-02T17:54:10","date_gmt":"2021-09-02T21:54:10","guid":{"rendered":"https:\/\/linitiative.ca\/International\/eliminatoires-coupe-du-monde-2022-niger-burkina-0-2-les-etalons-reussissent-leur-entree-dans-la-competition\/"},"modified":"2021-09-02T17:54:10","modified_gmt":"2021-09-02T21:54:10","slug":"eliminatoires-coupe-du-monde-2022-niger-burkina-0-2-les-etalons-reussissent-leur-entree-dans-la-competition","status":"publish","type":"post","link":"https:\/\/linitiative.ca\/International\/eliminatoires-coupe-du-monde-2022-niger-burkina-0-2-les-etalons-reussissent-leur-entree-dans-la-competition\/","title":{"rendered":"\u00c9liminatoires Coupe du monde 2022\/ Niger-Burkina : 0-2  : Les Etalons r\u00e9ussissent leur entr\u00e9e dans la comp\u00e9tition"},"content":{"rendered":"<div>\n<p><strong>En match comptant pour la premi\u00e8re journ\u00e9e des \u00e9liminatoires de la Coupe du Monde 2022, les Etalons du Burkina Faso sont venus \u00e0 bout 0-2 du Mena du Niger hier 02 septembre 2021, au Grand stade de Marrakech. Une rencontre qui s\u2019est d\u00e9cant\u00e9e en 2nde partie gr\u00e2ce \u00e0 un coaching gagnant du s\u00e9lectionneur national Kamou Malo.<\/strong><\/p>\n<p>A l\u2019annonce de la composition des deux \u00e9quipes, beaucoup \u00e9tait sceptique c\u00f4t\u00e9 burkinab\u00e8, ce 2 septembre 2021 au Grand stade de Marrakech. Certains pr\u00e9disaient une contre-performance des Etalons pour se payer la t\u00eate du s\u00e9lectionneur national Kamou Malo. La raison, l\u2019absence de Bryan Dabo dans l\u2019\u00e9quipe de d\u00e9part. Mais, coach Malo a ses raisons. \u00ab Il a rejoint la s\u00e9lection un peu tard et je lui ai dit d\u00e8s sa premi\u00e8re s\u00e9ance d\u2019entrainement que ce que j\u2019ai vu ne me convainc pas \u00bb, se d\u00e9fend l\u2019entraineur des Etalons. C\u2019est donc sans le soci\u00e9taire de Rizespor, en Turquie, que l\u2019\u00e9quipe nationale du Burkina entame la partie face au Niger, au petit trot.<\/p>\n<p>Face \u00e0 une formation nig\u00e9rienne avec un secteur m\u00e9dian densifi\u00e9, Issoufou Dayo et ses co\u00e9quipiers ont du mal \u00e0 se cr\u00e9er des occasions. Ce qui est le contraire du Mena qui entre bien dans son match. Les Etalons arrivent tant bien que mal \u00e0 contenir la furia nig\u00e9rienne. Mais avec quelques incursions, ils inqui\u00e8tent par moment l\u2019arri\u00e8re-garde nig\u00e9rienne. La preuve, avec ce coup franc aux abords de la surface mal ex\u00e9cut\u00e9 par Franck Lassina Traor\u00e9. Ensuite, plus rien si ce n\u2019est des maladresses et autres passes approximatives constat\u00e9es dans l\u2019entrejeu. Aussi, dans les couloirs, les hommes de couloirs ne sont pas appliqu\u00e9s dans les centres. Ceux d\u00e9volus \u00e0 cette t\u00e2che manquent de justesse. Face \u00e0 ces manquements, les Etalons changent de strat\u00e9gie, en proc\u00e9dant par de longues balles. Mais non sans inconv\u00e9nients, puisqu\u2019ils sont le plus souvent pris dans le pi\u00e8ge du hors-jeu.<\/p>\n<h3>Le coaching gagnant de Kamou Malo<\/h3>\n<p>C\u2019est ainsi que la formation burkinab\u00e8 tient jusqu\u2019au premier \u00ab cooling break \u00bb (pause rafraichissement) de la 30e minute. Une pause qui va revigorer les Etalons. Les Etalons<\/p>\n<figure id=\"attachment_39139\" aria-describedby=\"caption-attachment-39139\" style=\"width: 300px\" class=\"wp-caption alignleft\"><img decoding=\"async\" loading=\"lazy\" class=\"size-medium wp-image-39139\" src=\"https:\/\/linitiative.ca\/International\/wp-content\/uploads\/sites\/23\/2021\/09\/200-300x236-1.gif\" alt=\"\" width=\"300\" height=\"236\" srcset=\"https:\/\/linitiative.ca\/International\/wp-content\/uploads\/sites\/23\/2021\/09\/200-300x236-1.gif 300w, https:\/\/www.sidwaya.info\/wp-content\/uploads\/2021\/09\/200-150x118.gif 150w, https:\/\/www.sidwaya.info\/wp-content\/uploads\/2021\/09\/200-696x547.gif 696w, https:\/\/www.sidwaya.info\/wp-content\/uploads\/2021\/09\/200-534x420.gif 534w\" sizes=\"auto, (max-width: 300px) 100vw, 300px\"><figcaption id=\"caption-attachment-39139\" class=\"wp-caption-text\">Coaching gagnant de Kamou Malo qui reconnait que le chantier reste \u00e9norme.<\/figcaption><\/figure>\n<p>reviennent plus conqu\u00e9rants et plus entreprenants. C\u2019est d\u2019abord Gustavo Fabrice Sangar\u00e9 (64e mn) qui fait parler sa belle pate gauche. Des 35 m\u00e8tres, il met le portier adverse en difficult\u00e9 avec un bolide. Une minute plus tard, c\u2019est Franck Lassina Traor\u00e9 au d\u00e9part de l\u2019action, qui enveloppe une frappe encore repouss\u00e9 par le portier nig\u00e9rien.<\/p>\n<p>Le cafouillage qui a suivi devant un camp presque vide n\u2019a pas \u00e9t\u00e9 converti par les attaquants Burkinab\u00e8. Revenus de la mi-temps, Kamou Malo, fait parler son sens du coaching. Il op\u00e8re un double changement en d\u00e9but de 2nde p\u00e9riode. Bryan Dabo et Zackaria Sanogo foulent la pelouse du Grand stade de Marrakech. Les Etalons maintiennent la cadence. Le match change de physionomie. Ils sont encore plus agressifs et mettent davantage d\u2019intensit\u00e9. Ils poussent les Nig\u00e9riens \u00e0 commettre des fautes et \u00e0 accumuler les avertissements.<\/p>\n<p>D\u00e8s la 54e mn, la barre transversale emp\u00eache la belle frappe de Gustavo de trouver la lucarne du portier nig\u00e9rien. La domination des Burkinab\u00e8 est territoriale. Sauf que Franck Lassina Traor\u00e9 et autres Bryan Dabo manque d\u2019efficacit\u00e9 devant les buts. Ils vendangent les occasions. Arrive alors la 75e mn o\u00f9 Franck provoque un penalty et se rend justice. Apr\u00e8s ce but, Kamou Malo op\u00e8re un autre coaching gagnant. Il remplace l\u2019auteur du but par Mohamed Konat\u00e9. Et celui-ci, lors de sa premi\u00e8re touche, envoie la balle au fond des filets. Malo laisse \u00e9clater sa joie et l\u00e2che : \u00ab j\u2019\u00e9tais tr\u00e8s content pour ce gar\u00e7on qui a essuy\u00e9 pas mal de critiques.<\/p>\n<p>Ce but va le lib\u00e9rer et faire taire certains \u00bb. Un but qui a fait \u00ab taire certains \u00bb, mais surtout l\u2019\u00e9quipe nationale nig\u00e9rienne qui perd son match d\u2019entr\u00e9e face aux Etalons. Son entraineur Jean-Michel Cavalli pointe un doigt accusateur au trio arbitral rwandais, \u00ab complice \u00bb, selon lui, de la d\u00e9faite des seins. \u00abC\u2019est le plus terrible des scenarios quand on finit un match avec des regrets. Nous avons men\u00e9 les d\u00e9bats pendant un bon moment avant que l\u2019arbitrage ne soit influenc\u00e9 par le banc de touche burkinab\u00e8. Le match a \u00e9t\u00e9 tout le temps perturb\u00e9 par le banc de touche burkinab\u00e8 \u00bb a pest\u00e9 le s\u00e9lectionneur national du Niger.<\/p>\n<p>C\u00f4t\u00e9 Burkinab\u00e8, l\u2019on en a cure des invectives du technicien nig\u00e9rien, l\u2019essentiel \u00e9tant la victoire. \u00ab Gagner un match d\u2019entr\u00e9e n\u2019est pas \u00e9vident surtout face \u00e0 une \u00e9quipe qui a eu le temps de se pr\u00e9parer pendant longtemps. Nous avons eu des probl\u00e8mes en premi\u00e8re partie face \u00e0 ce bloc homog\u00e8ne du Niger. En 2nde partie, les gar\u00e7ons ont \u00e9t\u00e9 plus percutants. Bravo \u00e0 eux, m\u00eame si je suis conscients que le chantier reste \u00e9norme \u00bb reconnait Kamou Malo.<\/p>\n<p style=\"text-align: right\"><strong>Yves OUEDRAOGO <\/strong><\/p>\n<p style=\"text-align: right\">Envoy\u00e9 sp\u00e9cial \u00e0 Marrakech<\/p>\n<p>L\u2019article <a rel=\"nofollow\" href=\"https:\/\/www.sidwaya.info\/blog\/2021\/09\/02\/eliminatoires-coupe-du-monde-2022-niger-burkina-0-2-les-etalons-reussissent-leur-entree-dans-la-competition\/\">\u00c9liminatoires Coupe du monde 2022\/ Niger-Burkina : 0-2  : Les Etalons r\u00e9ussissent leur entr\u00e9e dans la comp\u00e9tition<\/a> est apparu en premier sur <a rel=\"nofollow\" href=\"https:\/\/www.sidwaya.info\/\">Quotidien Sidwaya<\/a>.<\/p>\n<\/div>\n<p>Auteur: JK. Sidwaya<br \/>\n<a href=\"https:\/\/www.sidwaya.info\/blog\/2021\/09\/02\/eliminatoires-coupe-du-monde-2022-niger-burkina-0-2-les-etalons-reussissent-leur-entree-dans-la-competition\/\">Cliquez ici pour lire l&rsquo;article depuis sa source.<\/a><\/p>\n","protected":false},"excerpt":{"rendered":"<p>En match comptant pour la premi\u00e8re journ\u00e9e des \u00e9liminatoires de la Coupe du Monde 2022, les Etalons du Burkina Faso sont venus \u00e0 bout 0-2 du Mena du Niger hier 02 septembre 2021, au Grand stade de Marrakech. Une rencontre qui s\u2019est d\u00e9cant\u00e9e en 2nde partie gr\u00e2ce \u00e0 un coaching gagnant du s\u00e9lectionneur national Kamou [&hellip;]<\/p>\n","protected":false},"author":1816,"featured_media":0,"comment_status":"closed","ping_status":"closed","sticky":false,"template":"","format":"standard","meta":{"fifu_image_url":"https:\/\/www.sidwaya.info\/wp-content\/uploads\/2021\/09\/200-300x236.gif","fifu_image_alt":"\u00c9liminatoires Coupe du monde 2022\/ Niger-Burkina : 0-2  : Les Etalons r\u00e9ussissent leur entr\u00e9e dans la comp\u00e9tition","footnotes":""},"categories":[73,81],"tags":[],"class_list":["post-125991","post","type-post","status-publish","format-standard","hentry","category-actualite","category-burkina-faso"],"_links":{"self":[{"href":"https:\/\/linitiative.ca\/International\/wp-json\/wp\/v2\/posts\/125991","targetHints":{"allow":["GET"]}}],"collection":[{"href":"https:\/\/linitiative.ca\/International\/wp-json\/wp\/v2\/posts"}],"about":[{"href":"https:\/\/linitiative.ca\/International\/wp-json\/wp\/v2\/types\/post"}],"author":[{"embeddable":true,"href":"https:\/\/linitiative.ca\/International\/wp-json\/wp\/v2\/users\/1816"}],"replies":[{"embeddable":true,"href":"https:\/\/linitiative.ca\/International\/wp-json\/wp\/v2\/comments?post=125991"}],"version-history":[{"count":0,"href":"https:\/\/linitiative.ca\/International\/wp-json\/wp\/v2\/posts\/125991\/revisions"}],"wp:attachment":[{"href":"https:\/\/linitiative.ca\/International\/wp-json\/wp\/v2\/media?parent=125991"}],"wp:term":[{"taxonomy":"category","embeddable":true,"href":"https:\/\/linitiative.ca\/International\/wp-json\/wp\/v2\/categories?post=125991"},{"taxonomy":"post_tag","embeddable":true,"href":"https:\/\/linitiative.ca\/International\/wp-json\/wp\/v2\/tags?post=125991"}],"curies":[{"name":"wp","href":"https:\/\/api.w.org\/{rel}","templated":true}]}}