{"id":125994,"date":"2021-09-02T18:08:24","date_gmt":"2021-09-02T22:08:24","guid":{"rendered":"https:\/\/linitiative.ca\/International\/ecole-nationale-des-douanes-une-nouvelle-promotion-pour-resister-aux-derives\/"},"modified":"2021-09-02T18:08:24","modified_gmt":"2021-09-02T22:08:24","slug":"ecole-nationale-des-douanes-une-nouvelle-promotion-pour-resister-aux-derives","status":"publish","type":"post","link":"https:\/\/linitiative.ca\/International\/ecole-nationale-des-douanes-une-nouvelle-promotion-pour-resister-aux-derives\/","title":{"rendered":"Ecole nationale des douanes : Une nouvelle promotion pour \u00ab r\u00e9sister \u00bb aux d\u00e9rives"},"content":{"rendered":"<div>\n<p><strong>Les stagiaires de la promotion 2019-2021 de l\u2019Ecole nationale des douanes ont re\u00e7u leurs dipl\u00f4mes et \u00e9paulettes le jeudi 2 septembre 2021. La sortie de la promotion r\u00e9sistance a \u00e9t\u00e9 parrain\u00e9e par le Directeur g\u00e9n\u00e9ral des douanes et des droits indirects de la R\u00e9publique centrafricaine, Fr\u00e9deric Th\u00e9odore Inamo.<\/strong><\/p>\n<p>78 contr\u00f4leurs et inspecteurs des douanes ont \u00e9t\u00e9 d\u00e9clar\u00e9s aptes \u00e0 participer aux efforts de mobilisation des recettes au profit du Burkina Faso, de la R\u00e9publique Centrafricaine, du Tchad et du Congo par l\u2019Ecole nationale des douanes (END). Apr\u00e8s deux ans de formation th\u00e9orique et pratique, les 25 \u00e9l\u00e8ves burkinab\u00e8, 35 Centrafricains, 15 Tchadiens, 5 Congolais ont re\u00e7u leurs dipl\u00f4mes et \u00e9paulettes au cours d\u2019une c\u00e9r\u00e9monie de sortie de promotion, le jeudi 2 septembre 2021 dans l\u2019enceinte du centre de formation, \u00e0 Ouagadougou. Pour le d\u00e9l\u00e9gu\u00e9 g\u00e9n\u00e9ral de la promotion, Souleymane Ou\u00e9draogo, la matin\u00e9e du 2 septembre 2021 va rester pendant longtemps dans les souvenirs des membres de sa promotion.<\/p>\n<p>\u00abElle marque en effet la fin d\u2019une p\u00e9riode de notre vie professionnelle mais \u00e9galement le premier d\u2019une autre vie professionnelle pour les 18 \u00e9l\u00e8ves douaniers de 4 nationalit\u00e9s r\u00e9partis entre 2 cycles : celui des inspecteurs et celui des contr\u00f4leurs.\u00bb, a-t-il expliqu\u00e9. Il a d\u00e9plor\u00e9 le d\u00e9c\u00e8s de Mohamed Wada Samba, un \u00e9l\u00e8ve centrafricain, une semaine avant la sortie de la promotion. Selon la major des \u00e9l\u00e8ves- contr\u00f4leurs, Rokia Bayala, la formation s\u2019est tr\u00e8s bien d\u00e9roul\u00e9e, car les stagiaires ont \u00e9t\u00e9 encadr\u00e9s par des enseignants qualifi\u00e9s et disponibles. \u00ab Nous avons re\u00e7u tous les rudiments n\u00e9cessaires \u00e0 travers la formation pour faire face \u00e0 toute situation et nous sommes pr\u00eats \u00e0 servir nos pays\u00bb, a-t-elle ajout\u00e9.<\/p>\n<p>La cuv\u00e9e 2021 de l\u2019END a \u00e9t\u00e9 baptis\u00e9e \u00ab R\u00e9sistance \u00bb par la ministre d\u00e9l\u00e9gu\u00e9e charg\u00e9e de l\u2019Am\u00e9nagement du territoire et de la Prospective, Pauline Zour\u00e9, repr\u00e9sentant le ministre de l\u2019Economie, des Finances et du D\u00e9veloppement. \u00ab Nous leur demandons de faire preuve de r\u00e9sistance dans le contexte marqu\u00e9 par l\u2019ins\u00e9curit\u00e9, la crise sanitaire, pour que nous puissions ensemble am\u00e9liorer le recouvrement des imp\u00f4ts et des recettes de nos pays \u00bb, a expliqu\u00e9 la ministre.<\/p>\n<h3>En qu\u00eate d\u2019une certification<\/h3>\n<p>Une invite reprise par le Directeur g\u00e9n\u00e9ral de l\u2019END, Casimir Sawadogo.<span style=\"font-family: Verdana, BlinkMacSystemFont, -apple-system, 'Segoe UI', Roboto, Oxygen, Ubuntu, Cantarell, 'Open Sans', 'Helvetica Neue', sans-serif\">Il a soulign\u00e9 que les nouveaux douaniers vont \u00eatre confront\u00e9s \u00e0 la pression sociale, l\u2019ins\u00e9curit\u00e9 entre autres mais il les a exhort\u00e9s \u00e0 r\u00e9sister pour mieux servir leurs pays et concitoyens. Le Directeur<\/span><\/p>\n<figure id=\"attachment_39146\" aria-describedby=\"caption-attachment-39146\" style=\"width: 225px\" class=\"wp-caption alignleft\"><img decoding=\"async\" loading=\"lazy\" class=\"size-medium wp-image-39146\" src=\"https:\/\/linitiative.ca\/International\/wp-content\/uploads\/sites\/23\/2021\/09\/douane2-225x300-1.gif\" alt=\"\" width=\"225\" height=\"300\" srcset=\"https:\/\/linitiative.ca\/International\/wp-content\/uploads\/sites\/23\/2021\/09\/douane2-225x300-1.gif 225w, https:\/\/www.sidwaya.info\/wp-content\/uploads\/2021\/09\/douane2-150x200.gif 150w, https:\/\/www.sidwaya.info\/wp-content\/uploads\/2021\/09\/douane2-300x401.gif 300w, https:\/\/www.sidwaya.info\/wp-content\/uploads\/2021\/09\/douane2-696x929.gif 696w, https:\/\/www.sidwaya.info\/wp-content\/uploads\/2021\/09\/douane2-315x420.gif 315w\" sizes=\"auto, (max-width: 225px) 100vw, 225px\"><figcaption id=\"caption-attachment-39146\" class=\"wp-caption-text\">Pour la ministre, Pauline Zour\u00e9, c\u2019est avec joie que le minist\u00e8re en charge des finances accueille 25 douaniers en vue d\u2019atteindre les objectifs de recouvrement des recettes.<\/figcaption><\/figure>\n<p><span style=\"font-family: Verdana, BlinkMacSystemFont, -apple-system, 'Segoe UI', Roboto, Oxygen, Ubuntu, Cantarell, 'Open Sans', 'Helvetica Neue', sans-serif\">g\u00e9n\u00e9ral des douanes et des droits indirects de la R\u00e9publique centrafricaine, Fr\u00e9d\u00e9ric Th\u00e9odore Inamo, a \u00e9t\u00e9 d\u00e9sign\u00e9 par les stagiaires comme le parrain de la promotion r\u00e9sistance. Il a encourag\u00e9 ses filleuls \u00e0 \u00eatre exemplaires, respectueux de leurs a\u00een\u00e9s et des textes qui r\u00e9gissent le fonctionnement des administrations douani\u00e8res. M. Inamo a insist\u00e9 sur la n\u00e9cessit\u00e9 pour ses filleuls de r\u00e9sister \u00e0 la corruption, car ils sont les futurs cadres des administrations douani\u00e8res.<\/span><\/p>\n<p>Au cours de la c\u00e9r\u00e9monie, le Directeur g\u00e9n\u00e9ral, Sawadogo de l\u2019END, a \u00e9voqu\u00e9 l\u2019avenir du centre de formation. Il a annonc\u00e9 que l\u2019END a entam\u00e9 depuis 2019 un processus de certification \u00e0 la norme ISO 9001 version 2015. \u00ab Nous esp\u00e9rons proc\u00e9der \u00e0 la pause de la 1re pierre du nouveau site \u00e0 Tanghin Dassouri \u00bb, a-t-il conclu.<\/p>\n<p style=\"text-align: right\"><strong>Nad\u00e8ge YE<\/strong><\/p>\n<p>L\u2019article <a rel=\"nofollow\" href=\"https:\/\/www.sidwaya.info\/blog\/2021\/09\/02\/ecole-nationale-des-douanes-une-nouvelle-promotion-pour-resister-aux-derives\/\">Ecole nationale des douanes : Une nouvelle promotion pour \u00ab r\u00e9sister \u00bb aux d\u00e9rives<\/a> est apparu en premier sur <a rel=\"nofollow\" href=\"https:\/\/www.sidwaya.info\/\">Quotidien Sidwaya<\/a>.<\/p>\n<\/div>\n<p>Auteur: JK. Sidwaya<br \/>\n<a href=\"https:\/\/www.sidwaya.info\/blog\/2021\/09\/02\/ecole-nationale-des-douanes-une-nouvelle-promotion-pour-resister-aux-derives\/\">Cliquez ici pour lire l&rsquo;article depuis sa source.<\/a><\/p>\n","protected":false},"excerpt":{"rendered":"<p>Les stagiaires de la promotion 2019-2021 de l\u2019Ecole nationale des douanes ont re\u00e7u leurs dipl\u00f4mes et \u00e9paulettes le jeudi 2 septembre 2021. La sortie de la promotion r\u00e9sistance a \u00e9t\u00e9 parrain\u00e9e par le Directeur g\u00e9n\u00e9ral des douanes et des droits indirects de la R\u00e9publique centrafricaine, Fr\u00e9deric Th\u00e9odore Inamo. 78 contr\u00f4leurs et inspecteurs des douanes ont [&hellip;]<\/p>\n","protected":false},"author":1816,"featured_media":0,"comment_status":"closed","ping_status":"closed","sticky":false,"template":"","format":"standard","meta":{"fifu_image_url":"https:\/\/www.sidwaya.info\/wp-content\/uploads\/2021\/09\/douane2-225x300.gif","fifu_image_alt":"Ecole nationale des douanes : Une nouvelle promotion pour \u00ab r\u00e9sister \u00bb aux d\u00e9rives","footnotes":""},"categories":[73,81],"tags":[],"class_list":["post-125994","post","type-post","status-publish","format-standard","hentry","category-actualite","category-burkina-faso"],"_links":{"self":[{"href":"https:\/\/linitiative.ca\/International\/wp-json\/wp\/v2\/posts\/125994","targetHints":{"allow":["GET"]}}],"collection":[{"href":"https:\/\/linitiative.ca\/International\/wp-json\/wp\/v2\/posts"}],"about":[{"href":"https:\/\/linitiative.ca\/International\/wp-json\/wp\/v2\/types\/post"}],"author":[{"embeddable":true,"href":"https:\/\/linitiative.ca\/International\/wp-json\/wp\/v2\/users\/1816"}],"replies":[{"embeddable":true,"href":"https:\/\/linitiative.ca\/International\/wp-json\/wp\/v2\/comments?post=125994"}],"version-history":[{"count":0,"href":"https:\/\/linitiative.ca\/International\/wp-json\/wp\/v2\/posts\/125994\/revisions"}],"wp:attachment":[{"href":"https:\/\/linitiative.ca\/International\/wp-json\/wp\/v2\/media?parent=125994"}],"wp:term":[{"taxonomy":"category","embeddable":true,"href":"https:\/\/linitiative.ca\/International\/wp-json\/wp\/v2\/categories?post=125994"},{"taxonomy":"post_tag","embeddable":true,"href":"https:\/\/linitiative.ca\/International\/wp-json\/wp\/v2\/tags?post=125994"}],"curies":[{"name":"wp","href":"https:\/\/api.w.org\/{rel}","templated":true}]}}