{"id":125998,"date":"2021-09-03T11:18:01","date_gmt":"2021-09-03T15:18:01","guid":{"rendered":"https:\/\/linitiative.ca\/International\/nigeria-reddition-de-plusieurs-milliers-de-terroristes\/"},"modified":"2021-09-03T11:18:01","modified_gmt":"2021-09-03T15:18:01","slug":"nigeria-reddition-de-plusieurs-milliers-de-terroristes","status":"publish","type":"post","link":"https:\/\/linitiative.ca\/International\/nigeria-reddition-de-plusieurs-milliers-de-terroristes\/","title":{"rendered":"Nigeria : reddition de plusieurs milliers de terroristes"},"content":{"rendered":"<div>\n<p><img loading=\"lazy\" decoding=\"async\" width=\"250\" height=\"200\" src=\"https:\/\/linitiative.ca\/International\/wp-content\/uploads\/sites\/23\/2021\/09\/16306822825383.jpg\" class=\"attachment-post-thumbnail size-post-thumbnail wp-post-image\" alt=\"\"><\/p>\n<p>Au total, 5.890 terroristes et leurs familles actifs dans le nord-est du Nigeria se sont rendus \u00e0 l&rsquo;arm\u00e9e.Le porte-parole du quartier g\u00e9n\u00e9ral de la d\u00e9fense nig\u00e9riane, le brigadier g\u00e9n\u00e9ral Bernard Onyeuko, a d\u00e9clar\u00e9, lors d&rsquo;une conf\u00e9rence de presse hier jeudi \u00e0 Abuja, que la reddition a eu lieu entre le 12 ao\u00fbt et le 2 septembre 2021.<\/p>\n<p>Il a expliqu\u00e9 que parmi les rebelles qui se sont rendus, il y a 565 terroristes de Boko Haram, dont trois commandants, quatre \u00e9mirs, cinq Nakibs et cinq sp\u00e9cialistes du vol de b\u00e9tail. Ils ont \u00e9t\u00e9 remis au gouvernement de l&rsquo;Etat de Bornou \u00e0 Maiduguri pour une gestion ult\u00e9rieure apr\u00e8s un profilage approfondi.<\/p>\n<p>Onyeuko a r\u00e9v\u00e9l\u00e9 que les op\u00e9rations soutenues des troupes de l&rsquo;op\u00e9ration HADIN KAI contre les terroristes dans le th\u00e9\u00e2tre du nord-est ont contraint ces derniers \u00e0 se rendre en grand nombre.<\/p>\n<p>Selon lui, les engagements op\u00e9rationnels soutenus \u00e0 travers le pays contre tous les \u00e9l\u00e9ments criminels ont donn\u00e9 des r\u00e9sultats significatifs.<\/p>\n<p>Le brigadier g\u00e9n\u00e9ral Bernard Onyeuko a soulign\u00e9 qu&rsquo;un total de 52 armes et 1.977 cartouches de calibre 7,62 mm, y compris des fusils AK-47 et FN avec chargeurs, des grenades \u00e0 main, des fusils de mortier commando, des fusils fabriqu\u00e9s localement, des canons anti-a\u00e9riens Dushka, des canons Dane et des fusils de la police nig\u00e9riane, entre autres, ont \u00e9t\u00e9 r\u00e9cup\u00e9r\u00e9s sur des terroristes qui se sont rendus et lors d&rsquo;op\u00e9rations men\u00e9es sur la m\u00eame p\u00e9riode.<\/p>\n<p>Il a ajout\u00e9 que sept collaborateurs\/informateurs terroristes et fournisseurs de logistique avaient \u00e9t\u00e9 arr\u00eat\u00e9s et remis aux autorit\u00e9s judiciaires comp\u00e9tentes pour qu&rsquo;elles prennent les mesures n\u00e9cessaires \u00e0 leur sujet.<\/p>\n<p>\u00ab Les forces arm\u00e9es du Nigeria restent d\u00e9termin\u00e9es dans la lutte contre toutes les formes de criminalit\u00e9 dans diff\u00e9rentes parties du pays. Le haut commandement militaire appr\u00e9cie les sacrifices continus des troupes sur les diff\u00e9rents th\u00e9\u00e2tres d&rsquo;op\u00e9rations \u00e0 travers le pays \u00bb, a indiqu\u00e9 le porte-parole du quartier g\u00e9n\u00e9ral de la d\u00e9fense nig\u00e9riane.<\/p>\n<p>Cet article <a rel=\"nofollow\" href=\"https:\/\/www.journalducameroun.com\/nigeria-reddition-de-plusieurs-milliers-de-terroristes\/\">Nigeria : reddition de plusieurs milliers de terroristes<\/a> est apparu en premier sur <a rel=\"nofollow\" href=\"https:\/\/www.journalducameroun.com\/\">Journal du Cameroun<\/a>.<\/p>\n<\/div>\n<p>Auteur: APA News<br \/>\n<a href=\"https:\/\/www.journalducameroun.com\/nigeria-reddition-de-plusieurs-milliers-de-terroristes\/\">Cliquez ici pour lire l&rsquo;article depuis sa source.<\/a><\/p>\n","protected":false},"excerpt":{"rendered":"<p>Au total, 5.890 terroristes et leurs familles actifs dans le nord-est du Nigeria se sont rendus \u00e0 l&rsquo;arm\u00e9e.Le porte-parole du quartier g\u00e9n\u00e9ral de la d\u00e9fense nig\u00e9riane, le brigadier g\u00e9n\u00e9ral Bernard Onyeuko, a d\u00e9clar\u00e9, lors d&rsquo;une conf\u00e9rence de presse hier jeudi \u00e0 Abuja, que la reddition a eu lieu entre le 12 ao\u00fbt et le 2 [&hellip;]<\/p>\n","protected":false},"author":1965,"featured_media":0,"comment_status":"closed","ping_status":"closed","sticky":false,"template":"","format":"standard","meta":{"fifu_image_url":"https:\/\/www.journalducameroun.com\/wp-content\/uploads\/2021\/09\/16306822825383.jpg","fifu_image_alt":"Nigeria : reddition de plusieurs milliers de terroristes","footnotes":""},"categories":[73,82],"tags":[],"class_list":["post-125998","post","type-post","status-publish","format-standard","hentry","category-actualite","category-cameroun"],"_links":{"self":[{"href":"https:\/\/linitiative.ca\/International\/wp-json\/wp\/v2\/posts\/125998","targetHints":{"allow":["GET"]}}],"collection":[{"href":"https:\/\/linitiative.ca\/International\/wp-json\/wp\/v2\/posts"}],"about":[{"href":"https:\/\/linitiative.ca\/International\/wp-json\/wp\/v2\/types\/post"}],"author":[{"embeddable":true,"href":"https:\/\/linitiative.ca\/International\/wp-json\/wp\/v2\/users\/1965"}],"replies":[{"embeddable":true,"href":"https:\/\/linitiative.ca\/International\/wp-json\/wp\/v2\/comments?post=125998"}],"version-history":[{"count":0,"href":"https:\/\/linitiative.ca\/International\/wp-json\/wp\/v2\/posts\/125998\/revisions"}],"wp:attachment":[{"href":"https:\/\/linitiative.ca\/International\/wp-json\/wp\/v2\/media?parent=125998"}],"wp:term":[{"taxonomy":"category","embeddable":true,"href":"https:\/\/linitiative.ca\/International\/wp-json\/wp\/v2\/categories?post=125998"},{"taxonomy":"post_tag","embeddable":true,"href":"https:\/\/linitiative.ca\/International\/wp-json\/wp\/v2\/tags?post=125998"}],"curies":[{"name":"wp","href":"https:\/\/api.w.org\/{rel}","templated":true}]}}