{"id":12600,"date":"2019-02-08T18:00:00","date_gmt":"2019-02-08T23:00:00","guid":{"rendered":"https:\/\/linitiative.ca\/International\/pour-la-fete-nationale-de-son-pays-le-president-bouteflika-felicite-le-gouverneur-general-de-la-grenade\/"},"modified":"2019-02-08T18:00:00","modified_gmt":"2019-02-08T23:00:00","slug":"pour-la-fete-nationale-de-son-pays-le-president-bouteflika-felicite-le-gouverneur-general-de-la-grenade","status":"publish","type":"post","link":"https:\/\/linitiative.ca\/International\/pour-la-fete-nationale-de-son-pays-le-president-bouteflika-felicite-le-gouverneur-general-de-la-grenade\/","title":{"rendered":"Pour la f\u00eate nationale de son pays : Le pr\u00e9sident Bouteflika  f\u00e9licite le Gouverneur g\u00e9n\u00e9ral de La Grenade"},"content":{"rendered":"<p>Le Pr\u00e9sident de la R\u00e9publique, Abdelaziz Bouteflika, a adress\u00e9 un message de f\u00e9licitations au gouverneur g\u00e9n\u00e9ral de la Grenade, Mme C\u00e9cile Ellen Fleurette La Grenade, \u00e0 l&rsquo;occasion de la f\u00eate nationale de son pays, dans lequel il a r\u00e9affirm\u00e9 sa disponibilit\u00e9 \u00e0 \u0153uvrer au d\u00e9veloppement des relations de coop\u00e9ration bilat\u00e9rale. \u00abAu moment o\u00f9 votre pays c\u00e9l\u00e8bre sa f\u00eate nationale, il me pla\u00eet de vous adresser, au nom du peuple et du gouvernement alg\u00e9riens, ainsi qu&rsquo;en mon nom personnel, nos chaleureuses f\u00e9licitations et mes v\u0153ux de sant\u00e9 et de bonheur pour vous m\u00eame, et de progr\u00e8s pour le peuple de La Grenade\u00bb, \u00e9crit le Chef de l&rsquo;Etat dans son message. \u00abIl me pla\u00eet \u00e9galement, en cette heureuse occasion, de vous r\u00e9affirmer ma disponibilit\u00e9 \u00e0 \u0153uvrer, avec vous, au d\u00e9veloppement des relations de coop\u00e9ration entre nos deux pays dans tous les domaines, au b\u00e9n\u00e9fice de nos deux peuples\u00bb, conclut le Pr\u00e9sident de la R\u00e9publique.<\/p>\n","protected":false},"excerpt":{"rendered":"<p>Le Pr\u00e9sident de la R\u00e9publique, Abdelaziz Bouteflika, a adress\u00e9 un message de f\u00e9licitations au gouverneur g\u00e9n\u00e9ral de la Grenade, Mme C\u00e9cile Ellen Fleurette La Grenade, \u00e0 l&rsquo;occasion de la f\u00eate nationale de son pays, dans lequel il a r\u00e9affirm\u00e9 sa disponibilit\u00e9 \u00e0 \u0153uvrer au d\u00e9veloppement des relations de coop\u00e9ration bilat\u00e9rale. \u00abAu moment o\u00f9 votre pays [&hellip;]<\/p>\n","protected":false},"author":1744,"featured_media":0,"comment_status":"closed","ping_status":"closed","sticky":false,"template":"","format":"standard","meta":{"fifu_image_url":"","fifu_image_alt":"","footnotes":""},"categories":[73,53],"tags":[],"class_list":["post-12600","post","type-post","status-publish","format-standard","hentry","category-actualite","category-algerie"],"_links":{"self":[{"href":"https:\/\/linitiative.ca\/International\/wp-json\/wp\/v2\/posts\/12600","targetHints":{"allow":["GET"]}}],"collection":[{"href":"https:\/\/linitiative.ca\/International\/wp-json\/wp\/v2\/posts"}],"about":[{"href":"https:\/\/linitiative.ca\/International\/wp-json\/wp\/v2\/types\/post"}],"author":[{"embeddable":true,"href":"https:\/\/linitiative.ca\/International\/wp-json\/wp\/v2\/users\/1744"}],"replies":[{"embeddable":true,"href":"https:\/\/linitiative.ca\/International\/wp-json\/wp\/v2\/comments?post=12600"}],"version-history":[{"count":0,"href":"https:\/\/linitiative.ca\/International\/wp-json\/wp\/v2\/posts\/12600\/revisions"}],"wp:attachment":[{"href":"https:\/\/linitiative.ca\/International\/wp-json\/wp\/v2\/media?parent=12600"}],"wp:term":[{"taxonomy":"category","embeddable":true,"href":"https:\/\/linitiative.ca\/International\/wp-json\/wp\/v2\/categories?post=12600"},{"taxonomy":"post_tag","embeddable":true,"href":"https:\/\/linitiative.ca\/International\/wp-json\/wp\/v2\/tags?post=12600"}],"curies":[{"name":"wp","href":"https:\/\/api.w.org\/{rel}","templated":true}]}}