{"id":126000,"date":"2021-09-03T12:54:32","date_gmt":"2021-09-03T16:54:32","guid":{"rendered":"https:\/\/linitiative.ca\/International\/cameroun-obseques-collectives-pour-les-55-morts-daccident-a-la-falaise-de-dschang\/"},"modified":"2021-09-03T12:54:32","modified_gmt":"2021-09-03T16:54:32","slug":"cameroun-obseques-collectives-pour-les-55-morts-daccident-a-la-falaise-de-dschang","status":"publish","type":"post","link":"https:\/\/linitiative.ca\/International\/cameroun-obseques-collectives-pour-les-55-morts-daccident-a-la-falaise-de-dschang\/","title":{"rendered":"Cameroun : obs\u00e8ques collectives pour les 55 morts d\u2019accident \u00e0 la falaise de Dschang"},"content":{"rendered":"<div>\n<p><img loading=\"lazy\" decoding=\"async\" width=\"461\" height=\"1024\" src=\"https:\/\/linitiative.ca\/International\/wp-content\/uploads\/sites\/23\/2021\/09\/IMG-20210903-WA0047.jpg\" class=\"attachment-post-thumbnail size-post-thumbnail wp-post-image\" alt=\"\" srcset=\"https:\/\/linitiative.ca\/International\/wp-content\/uploads\/sites\/23\/2021\/09\/IMG-20210903-WA0047.jpg 461w, https:\/\/www.journalducameroun.com\/wp-content\/uploads\/2021\/09\/IMG-20210903-WA0047-135x300.jpg 135w, https:\/\/www.journalducameroun.com\/wp-content\/uploads\/2021\/09\/IMG-20210903-WA0047-198x440.jpg 198w\" sizes=\"auto, (max-width: 461px) 100vw, 461px\"><\/p>\n<h5 style=\"text-align: justify;\"><span style=\"font-size: 18pt;\">L\u2019inhumation de ces victimes de l\u2019accident de la circulation survenu le 27 Janvier 2021 a eu lieu en pr\u00e9sence des familles et des autorit\u00e9s du d\u00e9partement de la Mifi, r\u00e9gion de l\u2019Ouest.<\/span><\/h5>\n<p style=\"text-align: justify;\"><span style=\"font-size: 18pt;\">Ce vendredi \u00e0 Bafoussam, ont eu lieu les obs\u00e8ques collectives des 55 morts d\u00e9nombr\u00e9s apr\u00e8s l&rsquo;accident de circulation survenu le 27 Janvier 2021. La c\u00e9r\u00e9monie qui a vu la pr\u00e9sence des familles des concern\u00e9s a \u00e9t\u00e9 pr\u00e9sid\u00e9e par le gouverneur de la r\u00e9gion de l&rsquo;Ouest <strong>Awa Fonka<\/strong>.<\/span><\/p>\n<p style=\"text-align: justify;\"><span style=\"font-size: 18pt;\">Toutefois, cette derni\u00e8re s\u2019est tenue sans les r\u00e9sultats de l\u2019enqu\u00eate instruite par le Premier ministre Joseph Dion Ngute. \u00ab \u00a0<em>Ainsi se termine ce dossier dont on esp\u00e8re qu&rsquo;il y aura des suites judiciaires. Notamment sur la responsabilit\u00e9 de ce carnage par le feu caus\u00e9 par un camion transportant nuitamment des bidons de carburant dont l&rsquo;origine reste \u00e0 ce jour d\u00e9termin\u00e9e. Du moins publiquement<\/em>\u00a0\u00bb esp\u00e8re l\u2019\u00e9ditorialiste <strong><em>Alex<\/em>\u00a0Gustave\u00a0Azebaze\u00a0Djouaka<\/strong>\u00a0dans un post sur les r\u00e9seaux sociaux.<\/span><\/p>\n<p style=\"text-align: justify;\"><span style=\"font-size: 18pt;\">La\u00a0<strong>Falaise<\/strong>\u00a0de For\u00e9k\u00e9, aussi appel\u00e9e\u00a0<strong>falaise de Dschang<\/strong>\u00a0ou\u00a0<strong>falaise<\/strong>\u00a0de Santchou, est une\u00a0<strong>falaise<\/strong>\u00a0situ\u00e9e pr\u00e8s de For\u00e9k\u00e9-<strong>Dschang<\/strong>\u00a0et qui fait la fronti\u00e8re entre le plateau de l&rsquo;Ouest Cameroun, en pays Bamil\u00e9k\u00e9, et la plaine des Mbo, dans le Littoral camerounais. E nombreux accidents mortels se produisent \u00e0 cet endroit.<\/span><\/p>\n<p>Cet article <a rel=\"nofollow\" href=\"https:\/\/www.journalducameroun.com\/cameroun-obseques-collectives-pour-les-55-morts-daccident-a-la-falaise-de-dschang-cameroun\/\">Cameroun : obs\u00e8ques collectives pour les 55 morts d\u2019accident \u00e0 la falaise de Dschang<\/a> est apparu en premier sur <a rel=\"nofollow\" href=\"https:\/\/www.journalducameroun.com\/\">Journal du Cameroun<\/a>.<\/p>\n<\/div>\n<p>Auteur: Christian DJIMADEU<br \/>\n<a href=\"https:\/\/www.journalducameroun.com\/cameroun-obseques-collectives-pour-les-55-morts-daccident-a-la-falaise-de-dschang-cameroun\/\">Cliquez ici pour lire l&rsquo;article depuis sa source.<\/a><\/p>\n","protected":false},"excerpt":{"rendered":"<p>L\u2019inhumation de ces victimes de l\u2019accident de la circulation survenu le 27 Janvier 2021 a eu lieu en pr\u00e9sence des familles et des autorit\u00e9s du d\u00e9partement de la Mifi, r\u00e9gion de l\u2019Ouest. Ce vendredi \u00e0 Bafoussam, ont eu lieu les obs\u00e8ques collectives des 55 morts d\u00e9nombr\u00e9s apr\u00e8s l&rsquo;accident de circulation survenu le 27 Janvier 2021. [&hellip;]<\/p>\n","protected":false},"author":1965,"featured_media":0,"comment_status":"closed","ping_status":"closed","sticky":false,"template":"","format":"standard","meta":{"fifu_image_url":"https:\/\/www.journalducameroun.com\/wp-content\/uploads\/2021\/09\/IMG-20210903-WA0047.jpg","fifu_image_alt":"Cameroun : obs\u00e8ques collectives pour les 55 morts d\u2019accident \u00e0 la falaise de Dschang","footnotes":""},"categories":[73,82],"tags":[],"class_list":["post-126000","post","type-post","status-publish","format-standard","hentry","category-actualite","category-cameroun"],"_links":{"self":[{"href":"https:\/\/linitiative.ca\/International\/wp-json\/wp\/v2\/posts\/126000","targetHints":{"allow":["GET"]}}],"collection":[{"href":"https:\/\/linitiative.ca\/International\/wp-json\/wp\/v2\/posts"}],"about":[{"href":"https:\/\/linitiative.ca\/International\/wp-json\/wp\/v2\/types\/post"}],"author":[{"embeddable":true,"href":"https:\/\/linitiative.ca\/International\/wp-json\/wp\/v2\/users\/1965"}],"replies":[{"embeddable":true,"href":"https:\/\/linitiative.ca\/International\/wp-json\/wp\/v2\/comments?post=126000"}],"version-history":[{"count":0,"href":"https:\/\/linitiative.ca\/International\/wp-json\/wp\/v2\/posts\/126000\/revisions"}],"wp:attachment":[{"href":"https:\/\/linitiative.ca\/International\/wp-json\/wp\/v2\/media?parent=126000"}],"wp:term":[{"taxonomy":"category","embeddable":true,"href":"https:\/\/linitiative.ca\/International\/wp-json\/wp\/v2\/categories?post=126000"},{"taxonomy":"post_tag","embeddable":true,"href":"https:\/\/linitiative.ca\/International\/wp-json\/wp\/v2\/tags?post=126000"}],"curies":[{"name":"wp","href":"https:\/\/api.w.org\/{rel}","templated":true}]}}