{"id":126005,"date":"2021-09-03T09:38:34","date_gmt":"2021-09-03T13:38:34","guid":{"rendered":"https:\/\/linitiative.ca\/International\/le-ministre-des-mines-interdit-le-travail-des-mineurs-dans-les-sites-dexploitation-miniere\/"},"modified":"2021-09-03T09:38:34","modified_gmt":"2021-09-03T13:38:34","slug":"le-ministre-des-mines-interdit-le-travail-des-mineurs-dans-les-sites-dexploitation-miniere","status":"publish","type":"post","link":"https:\/\/linitiative.ca\/International\/le-ministre-des-mines-interdit-le-travail-des-mineurs-dans-les-sites-dexploitation-miniere\/","title":{"rendered":"Le ministre des Mines interdit le travail des mineurs dans les sites d\u2019exploitation mini\u00e8re"},"content":{"rendered":"<div>\n<p>Le ministre des Mines, de l\u2019industrie et du d\u00e9veloppement technologique (Minmidt) Gabriel Dodo Ndoke, vient de signer une lettre circulaire relative \u00e0 l\u2019obligation de restauration, de s\u00e9curisation des sites d\u2019exploitation mini\u00e8re et \u00e0 l\u2019interdiction formelle du travail des enfants mineurs dans lesdits sites. \u00ab\u2026j\u2019ai l\u2019honneur de vous demander de veiller \u00e0 l\u2019observation des mesures de pr\u00e9vention ci-apr\u00e8s\u00a0: tenir r\u00e9guli\u00e8rement des concertations avec tous les exploitants miniers en vue de la s\u00e9curisation des sites d\u2019exploitation\u00a0; obliger les exploitations miniers \u00e0 s\u2019engager \u00e0 refermer les sites creus\u00e9s et abandonn\u00e9s\u00a0; interdire formellement le recrutement des enfants mineurs dans les sites d\u2019exploitation, sous peine des poursuites judiciaires, peut-on lire par le communiqu\u00e9 rendu public \u00e0 cet effet.<\/p>\n<p><strong>Lire aussi<\/strong> : <strong><a href=\"https:\/\/ecomatin.net\/insertion-professionnellle-afriland-first-bankk-lance-le-young-graduate-programm\/\">Exploitation mini\u00e8re : 157 morts dans les mines d\u2019or \u00e0 l\u2019Est<\/a><\/strong><\/p>\n<p>La d\u00e9cision prise par le Minmidt, et qui fait suite aux instructions pr\u00e9sidentielles, se justifie par la volont\u00e9 de vouloir \u00ab\u00a0l\u2019\u00e9radication compl\u00e8te du travail des enfants mineurs dans les sites d\u2019exploitation mini\u00e8re qui constitue la principale cause de la d\u00e9perdition scolaire dans les zones d\u2019exploitation, et la restauration syst\u00e9matique des sites miniers par les exploitants\u00a0\u00bb, nous renseigne le communiqu\u00e9 du Minmidt. Elle s\u2019adresse ainsi aux services d\u00e9concentr\u00e9s des ministres sectoriels de l\u2019Environnement, de la protection de la nature et du d\u00e9veloppement durable, de la S\u00e9curit\u00e9 sociale, du Travail et de la s\u00e9curit\u00e9 sociale, ainsi que les forces de maintien de l\u2019ordre.<\/p>\n<p><strong>Lire aussi<\/strong> : <strong><a href=\"https:\/\/ecomatin.net\/la-sonamines-sera-le-gendarme-de-letat-aupres-des-operateurs-miniers\/\">Enjeux autour de la Sonamines: les explications du Ministre des mines<\/a><\/strong><\/p>\n<p>Cette d\u00e9cision, s\u2019inscrit ainsi dans les multiples actions que le gouvernement met en \u0153uvre pour \u00e9radiquer le travail des enfants. Parmi ces actions figure en lieu et place le plan d\u2019action national pour l\u2019\u00e9limination des pires formes de travail des enfants (Panatec).<\/p>\n<p>L\u2019article <a rel=\"nofollow\" href=\"https:\/\/ecomatin.net\/le-ministre-des-mines-interdit-le-travail-l-des-mineurs-dans-les-sites-dexploitation-miniere\/\">Le ministre des Mines interdit le travail des mineurs dans les sites d\u2019exploitation mini\u00e8re<\/a> est apparu en premier sur <a rel=\"nofollow\" href=\"https:\/\/ecomatin.net\/\">EcoMatin<\/a>.<\/p>\n<\/div>\n<p>Auteur: Cindy MBALA<br \/>\n<a href=\"https:\/\/ecomatin.net\/le-ministre-des-mines-interdit-le-travail-l-des-mineurs-dans-les-sites-dexploitation-miniere\/\">Cliquez ici pour lire l&rsquo;article depuis sa source.<\/a><\/p>\n","protected":false},"excerpt":{"rendered":"<p>Le ministre des Mines, de l\u2019industrie et du d\u00e9veloppement technologique (Minmidt) Gabriel Dodo Ndoke, vient de signer une lettre circulaire relative \u00e0 l\u2019obligation de restauration, de s\u00e9curisation des sites d\u2019exploitation mini\u00e8re et \u00e0 l\u2019interdiction formelle du travail des enfants mineurs dans lesdits sites. \u00ab\u2026j\u2019ai l\u2019honneur de vous demander de veiller \u00e0 l\u2019observation des mesures de [&hellip;]<\/p>\n","protected":false},"author":1969,"featured_media":0,"comment_status":"closed","ping_status":"closed","sticky":false,"template":"","format":"standard","meta":{"fifu_image_url":"","fifu_image_alt":"","footnotes":""},"categories":[82,78],"tags":[],"class_list":["post-126005","post","type-post","status-publish","format-standard","hentry","category-cameroun","category-economie"],"_links":{"self":[{"href":"https:\/\/linitiative.ca\/International\/wp-json\/wp\/v2\/posts\/126005","targetHints":{"allow":["GET"]}}],"collection":[{"href":"https:\/\/linitiative.ca\/International\/wp-json\/wp\/v2\/posts"}],"about":[{"href":"https:\/\/linitiative.ca\/International\/wp-json\/wp\/v2\/types\/post"}],"author":[{"embeddable":true,"href":"https:\/\/linitiative.ca\/International\/wp-json\/wp\/v2\/users\/1969"}],"replies":[{"embeddable":true,"href":"https:\/\/linitiative.ca\/International\/wp-json\/wp\/v2\/comments?post=126005"}],"version-history":[{"count":0,"href":"https:\/\/linitiative.ca\/International\/wp-json\/wp\/v2\/posts\/126005\/revisions"}],"wp:attachment":[{"href":"https:\/\/linitiative.ca\/International\/wp-json\/wp\/v2\/media?parent=126005"}],"wp:term":[{"taxonomy":"category","embeddable":true,"href":"https:\/\/linitiative.ca\/International\/wp-json\/wp\/v2\/categories?post=126005"},{"taxonomy":"post_tag","embeddable":true,"href":"https:\/\/linitiative.ca\/International\/wp-json\/wp\/v2\/tags?post=126005"}],"curies":[{"name":"wp","href":"https:\/\/api.w.org\/{rel}","templated":true}]}}