{"id":126007,"date":"2021-09-03T14:00:09","date_gmt":"2021-09-03T18:00:09","guid":{"rendered":"https:\/\/linitiative.ca\/International\/oum-enchaine-les-concerts\/"},"modified":"2021-09-03T14:00:09","modified_gmt":"2021-09-03T18:00:09","slug":"oum-enchaine-les-concerts","status":"publish","type":"post","link":"https:\/\/linitiative.ca\/International\/oum-enchaine-les-concerts\/","title":{"rendered":"Oum encha\u00eene les concerts"},"content":{"rendered":"<div>\n<p><img decoding=\"async\" width=\"300\" height=\"153\" src=\"https:\/\/linitiative.ca\/International\/wp-content\/uploads\/sites\/23\/2021\/09\/oum-300x153-1.jpg\" class=\"attachment-medium size-medium wp-post-image\" alt=\"\" loading=\"lazy\" srcset=\"\/\/aujourdhui.ma\/wp-content\/uploads\/2021\/09\/oum-300x153.jpg 300w, \/\/aujourdhui.ma\/wp-content\/uploads\/2021\/09\/oum-274x140.jpg 274w, \/\/aujourdhui.ma\/wp-content\/uploads\/2021\/09\/oum.jpg 746w, \/\/aujourdhui.ma\/wp-content\/uploads\/2021\/09\/oum-165x84.jpg 165w, \/\/aujourdhui.ma\/wp-content\/uploads\/2021\/09\/oum-702x358.jpg 702w\" sizes=\"auto, (max-width: 300px) 100vw, 300px\"><\/p>\n<p><strong>\u00abDaba\u00bb est son 3\u00e8me album, sorti en 2019, apr\u00e8s \u00abSoul of Morocco\u00bb en 2013 et \u00abZarabi\u00bb en 2015. Il est \u00e0 la fois atmosph\u00e9rique et dansant. Il allie en effet des \u00e9l\u00e9ments traditionnels, arabes et sahraouis.<\/strong><span id=\"more-385702\"><\/span><\/p>\n<p>Apr\u00e8s avoir produit en juillet dernier \u00e0 l\u2019Institut du monde Arabe \u00e0 Paris, la chanteuse d\u2019origine sahraouie \u00e0 la voix chaleureuse, Oum El Gha\u00eft Benessahraoui, alias Oum, entame une tourn\u00e9e internationale avec ses derniers opus \u00abDaba\u00bb qui signifie \u00ab Maintenant\u00bb en darija et \u00abHals\u00bb. Selon l\u2019artiste, elle se produira durant ce mois de septembre dans nombreux festivals internationaux, \u00e0 savoir La Bati festival de Gen\u00e8ve, le festival Arabesques de Monpellier, Plai Festival Timisoara, Cross Culture Festival de Varsovie et au Atlantikadia festival de Varsovie. Il faut noter que \u00abDaba\u00bb est son 3\u00e8me album, sorti en 2019, apr\u00e8s \u00abSoul of Morocco\u00bb en 2013 et \u00abZarabi\u00bb en 2015. Il est \u00e0 la fois atmosph\u00e9rique et dansant. Il allie en effet des \u00e9l\u00e9ments traditionnels, arabes et sahraouis, et des emprunts discrets \u00e0 des esth\u00e9tiques plus contemporaines, \u00e0 savoir la soul, le jazz et la transe \u00e9lectro. Pour le r\u00e9aliser, la chanteuse s\u2019est rendue avec ses musiciens \u00e0 Berlin et a confi\u00e9 sa direction artistique \u00e0 la po\u00e9tesse, chanteuse et oudiste palestinienne Kamilya Jubran. Elle s\u2019est entour\u00e9e de Yacir Rami (oud), Damian Nueva (basse \u00e9lectrique), Camille Passeri (trompette), Carlos Mejias (saxophone et machines) et Amar Chaoui (percussions).<\/p>\n<p>Pour Oum, \u00ab Daba \u00bb \u00e9voque par ailleurs des probl\u00e9matiques plus contemporaines dont notamment la nature menac\u00e9e, le sort r\u00e9serv\u00e9 aux migrants, le statut des femmes, mais aussi une exhortation de vivre pleinement dans le pr\u00e9sent. En ce qui concerne son album \u00ab Hals \u00bb, la chanteuse avait collabor\u00e9 avec le saxophone et aux pulsations \u00e9lectros du Cubain Carlos Mejias connu sous le nom de M-Carlos. Les deux ont travaill\u00e9 sur ce projet o\u00f9 il est question de (re) visiter 7 \u00e9tats d\u2019\u00e2me ou de l\u2019\u00eatre qui\u2019ils ont travers\u00e9 depuis le d\u00e9but de la pand\u00e9mie. \u00abDes textes, des sons, et des textures pour dire, d\u00e9crire, et tenter de gu\u00e9rir de ces \u00e9tats que nous avons toutes v\u00e9cus diff\u00e9remment ou pareillement, simultan\u00e9ment ou presque, ici, et partout\u00bb, dit-il. Et d\u2019ajouter que \u00abHals\u00bb est \u00abun projet que nous voulons tribune d\u2019\u00e9change avec le public, afin de partager ensemble nos ressentis et v\u00e9cus respectifs quant \u00e0 un ph\u00e9nom\u00e8ne global qui n\u2019a \u00e9pargn\u00e9 personne \u00bb. Il faut dire que \u00abHals \u00bb est initialement et essentiellement destin\u00e9 au live, c\u2019est pourquoi ils l\u2019ont enregistr\u00e9 et diffus\u00e9 que les trois premiers titres sous forme de vid\u00e9o Youtube. Ces m\u00eames titres sont disponibles sur les plates-formes de streaming. Pour rappel, Oum s\u2019est d\u2019abord destin\u00e9e \u00e0 l\u2019architecture avant de choisir d\u2019embrasser une carri\u00e8re dans la musique. Elle attire alors l\u2019attention des m\u00e9dias, qui l\u2019assimilent \u00e0 la #Nayda, mouvance de jeunes musiciens marocains attir\u00e9s par les sonorit\u00e9s plus urbaines. En darija, ou en berb\u00e8re, le chant de Oum lui a ouvert une carri\u00e8re d\u2019abord nationale et internationale avec ses albums qui l\u2019ont hiss\u00e9e au rang d\u2019\u00e9g\u00e9rie.<\/p>\n<\/div>\n<p>Auteur: Siham Jadraoui<br \/>\n<a href=\"https:\/\/aujourdhui.ma\/culture\/oum-enchaine-les-concerts\">Cliquez ici pour lire l&rsquo;article depuis sa source.<\/a><\/p>\n","protected":false},"excerpt":{"rendered":"<p>\u00abDaba\u00bb est son 3\u00e8me album, sorti en 2019, apr\u00e8s \u00abSoul of Morocco\u00bb en 2013 et \u00abZarabi\u00bb en 2015. Il est \u00e0 la fois atmosph\u00e9rique et dansant. Il allie en effet des \u00e9l\u00e9ments traditionnels, arabes et sahraouis. Apr\u00e8s avoir produit en juillet dernier \u00e0 l\u2019Institut du monde Arabe \u00e0 Paris, la chanteuse d\u2019origine sahraouie \u00e0 la [&hellip;]<\/p>\n","protected":false},"author":1759,"featured_media":0,"comment_status":"closed","ping_status":"closed","sticky":false,"template":"","format":"standard","meta":{"fifu_image_url":"https:\/\/aujourdhui.ma\/wp-content\/uploads\/2021\/09\/oum-300x153.jpg","fifu_image_alt":"Oum encha\u00eene les concerts","footnotes":""},"categories":[73,54],"tags":[],"class_list":["post-126007","post","type-post","status-publish","format-standard","hentry","category-actualite","category-maroc"],"_links":{"self":[{"href":"https:\/\/linitiative.ca\/International\/wp-json\/wp\/v2\/posts\/126007","targetHints":{"allow":["GET"]}}],"collection":[{"href":"https:\/\/linitiative.ca\/International\/wp-json\/wp\/v2\/posts"}],"about":[{"href":"https:\/\/linitiative.ca\/International\/wp-json\/wp\/v2\/types\/post"}],"author":[{"embeddable":true,"href":"https:\/\/linitiative.ca\/International\/wp-json\/wp\/v2\/users\/1759"}],"replies":[{"embeddable":true,"href":"https:\/\/linitiative.ca\/International\/wp-json\/wp\/v2\/comments?post=126007"}],"version-history":[{"count":0,"href":"https:\/\/linitiative.ca\/International\/wp-json\/wp\/v2\/posts\/126007\/revisions"}],"wp:attachment":[{"href":"https:\/\/linitiative.ca\/International\/wp-json\/wp\/v2\/media?parent=126007"}],"wp:term":[{"taxonomy":"category","embeddable":true,"href":"https:\/\/linitiative.ca\/International\/wp-json\/wp\/v2\/categories?post=126007"},{"taxonomy":"post_tag","embeddable":true,"href":"https:\/\/linitiative.ca\/International\/wp-json\/wp\/v2\/tags?post=126007"}],"curies":[{"name":"wp","href":"https:\/\/api.w.org\/{rel}","templated":true}]}}