{"id":126013,"date":"2021-09-04T08:00:23","date_gmt":"2021-09-04T12:00:23","guid":{"rendered":"https:\/\/linitiative.ca\/International\/alerte-meteo-retour-de-la-canicule-au-maroc\/"},"modified":"2021-09-04T08:00:23","modified_gmt":"2021-09-04T12:00:23","slug":"alerte-meteo-retour-de-la-canicule-au-maroc","status":"publish","type":"post","link":"https:\/\/linitiative.ca\/International\/alerte-meteo-retour-de-la-canicule-au-maroc\/","title":{"rendered":"Alerte m\u00e9t\u00e9o : Retour de la canicule au Maroc"},"content":{"rendered":"<div>\n<p><img decoding=\"async\" width=\"300\" height=\"153\" src=\"https:\/\/linitiative.ca\/International\/wp-content\/uploads\/sites\/23\/2021\/09\/Meteo-Chaleur-300x153-1.jpg\" class=\"attachment-medium size-medium wp-post-image\" alt=\"\" loading=\"lazy\" srcset=\"\/\/aujourdhui.ma\/wp-content\/uploads\/2020\/07\/Meteo-Chaleur-300x153.jpg 300w, \/\/aujourdhui.ma\/wp-content\/uploads\/2020\/07\/Meteo-Chaleur-274x140.jpg 274w, \/\/aujourdhui.ma\/wp-content\/uploads\/2020\/07\/Meteo-Chaleur.jpg 746w, \/\/aujourdhui.ma\/wp-content\/uploads\/2020\/07\/Meteo-Chaleur-165x84.jpg 165w, \/\/aujourdhui.ma\/wp-content\/uploads\/2020\/07\/Meteo-Chaleur-702x358.jpg 702w\" sizes=\"auto, (max-width: 300px) 100vw, 300px\"><\/p>\n<p><strong>Un temps chaud d\u2019un niveau de vigilance orange est pr\u00e9vu du dimanche au mercredi dans plusieurs provinces du Royaume, a annonc\u00e9 samedi la Direction g\u00e9n\u00e9rale de la m\u00e9t\u00e9orologie (DGM) dans un bulletin d\u2019alerte m\u00e9t\u00e9orologique.<\/strong><span id=\"more-385781\"><\/span><\/p>\n<p>Ainsi, des temp\u00e9ratures variant entre 40 et 45\u00b0C concerneront, dimanche et lundi, les provinces d\u2019Aousserd, Assa-Zag, Beni Mellal, Benslimane, Boujdour, Chichaoua, El Hajeb, El Kelaa des Sraghna, Errachidia, Es-Semara, F\u00e8s, Fquih Ben Salah, Guelmim, Khemisset, Khouribga, Marrakech, Mekn\u00e8s, Moulay Yacoub, Oued Ed-Dahab, Ouezzane, Rehamna, Settat, Sidi Bennour, Sidi Ifni, Sidi Kacem, Sidi Slimane, Tan-Tan, Taounate, Taroudant, Tata, Youssoufia et Zagora, a pr\u00e9cis\u00e9 la DGM.<\/p>\n<p>Le m\u00eame ph\u00e9nom\u00e8ne int\u00e9ressera, mardi et mercredi, les provinces d\u2019Aousserd, Assa-Zag, Es-Semara, Guelmim, Inezgane-Ait Melloul, Oued Ed-Dahab, Sidi Ifni, Taroudant, Tata et Zagora, a ajout\u00e9 la m\u00eame source.<\/p>\n<\/div>\n<p>Auteur: ALM<br \/>\n<a href=\"https:\/\/aujourdhui.ma\/actualite\/alerte-meteo-retour-du-canicule-au-maroc-2\">Cliquez ici pour lire l&rsquo;article depuis sa source.<\/a><\/p>\n","protected":false},"excerpt":{"rendered":"<p>Un temps chaud d\u2019un niveau de vigilance orange est pr\u00e9vu du dimanche au mercredi dans plusieurs provinces du Royaume, a annonc\u00e9 samedi la Direction g\u00e9n\u00e9rale de la m\u00e9t\u00e9orologie (DGM) dans un bulletin d\u2019alerte m\u00e9t\u00e9orologique. Ainsi, des temp\u00e9ratures variant entre 40 et 45\u00b0C concerneront, dimanche et lundi, les provinces d\u2019Aousserd, Assa-Zag, Beni Mellal, Benslimane, Boujdour, Chichaoua, [&hellip;]<\/p>\n","protected":false},"author":1759,"featured_media":0,"comment_status":"closed","ping_status":"closed","sticky":false,"template":"","format":"standard","meta":{"fifu_image_url":"https:\/\/aujourdhui.ma\/wp-content\/uploads\/2020\/07\/Meteo-Chaleur-300x153.jpg","fifu_image_alt":"Alerte m\u00e9t\u00e9o : Retour de la canicule au Maroc","footnotes":""},"categories":[73,54],"tags":[],"class_list":["post-126013","post","type-post","status-publish","format-standard","hentry","category-actualite","category-maroc"],"_links":{"self":[{"href":"https:\/\/linitiative.ca\/International\/wp-json\/wp\/v2\/posts\/126013","targetHints":{"allow":["GET"]}}],"collection":[{"href":"https:\/\/linitiative.ca\/International\/wp-json\/wp\/v2\/posts"}],"about":[{"href":"https:\/\/linitiative.ca\/International\/wp-json\/wp\/v2\/types\/post"}],"author":[{"embeddable":true,"href":"https:\/\/linitiative.ca\/International\/wp-json\/wp\/v2\/users\/1759"}],"replies":[{"embeddable":true,"href":"https:\/\/linitiative.ca\/International\/wp-json\/wp\/v2\/comments?post=126013"}],"version-history":[{"count":0,"href":"https:\/\/linitiative.ca\/International\/wp-json\/wp\/v2\/posts\/126013\/revisions"}],"wp:attachment":[{"href":"https:\/\/linitiative.ca\/International\/wp-json\/wp\/v2\/media?parent=126013"}],"wp:term":[{"taxonomy":"category","embeddable":true,"href":"https:\/\/linitiative.ca\/International\/wp-json\/wp\/v2\/categories?post=126013"},{"taxonomy":"post_tag","embeddable":true,"href":"https:\/\/linitiative.ca\/International\/wp-json\/wp\/v2\/tags?post=126013"}],"curies":[{"name":"wp","href":"https:\/\/api.w.org\/{rel}","templated":true}]}}