{"id":126015,"date":"2021-09-04T08:06:45","date_gmt":"2021-09-04T12:06:45","guid":{"rendered":"https:\/\/linitiative.ca\/International\/cecifoot-lequipe-nationale-sadjuge-le-bronze-des-jeux-paralympiques\/"},"modified":"2021-09-04T08:06:45","modified_gmt":"2021-09-04T12:06:45","slug":"cecifoot-lequipe-nationale-sadjuge-le-bronze-des-jeux-paralympiques","status":"publish","type":"post","link":"https:\/\/linitiative.ca\/International\/cecifoot-lequipe-nationale-sadjuge-le-bronze-des-jeux-paralympiques\/","title":{"rendered":"C\u00e9cifoot: L\u2019\u00e9quipe nationale s\u2019adjuge le bronze des Jeux paralympiques"},"content":{"rendered":"<div>\n<p><img decoding=\"async\" width=\"300\" height=\"153\" src=\"https:\/\/linitiative.ca\/International\/wp-content\/uploads\/sites\/23\/2021\/09\/cecifoot-300x153-1.jpg\" class=\"attachment-medium size-medium wp-post-image\" alt=\"\" loading=\"lazy\" srcset=\"\/\/aujourdhui.ma\/wp-content\/uploads\/2021\/09\/cecifoot-300x153.jpg 300w, \/\/aujourdhui.ma\/wp-content\/uploads\/2021\/09\/cecifoot-274x140.jpg 274w, \/\/aujourdhui.ma\/wp-content\/uploads\/2021\/09\/cecifoot.jpg 746w, \/\/aujourdhui.ma\/wp-content\/uploads\/2021\/09\/cecifoot-165x84.jpg 165w, \/\/aujourdhui.ma\/wp-content\/uploads\/2021\/09\/cecifoot-702x358.jpg 702w\" sizes=\"auto, (max-width: 300px) 100vw, 300px\"><\/p>\n<p><strong>L\u2019\u00e9quipe nationale de c\u00e9cifoot a arrach\u00e9, samedi, la m\u00e9daille de bronze des Jeux paralympiques de Tokyo, en s\u2019imposant face \u00e0 la s\u00e9lection chinoise par 4 buts \u00e0 z\u00e9ro.<\/strong><span id=\"more-385782\"><\/span><\/p>\n<p>\u00c0 l\u2019image de ses performances lors des quatre premiers matchs, Zouhair Snisla n\u2019a pas manqu\u00e9 l\u2019occasion pour briller encore une fois en signant 4 buts (4\u00e8, 8\u00e8, 18\u00e8, 30\u00e8) offrant aux Lions de l\u2019Atlas la 3\u00e8 place du tournoi.<\/p>\n<p>Gr\u00e2ce \u00e0 cet exploit, la moisson du Maroc s\u2019\u00e9l\u00e8ve \u00e0 huit m\u00e9dailles, apr\u00e8s l\u2019or d\u2019Abdeslam Hili, l\u2019argent de Fouzia El Kassioui, Yousra Karim, Mohamed Amguoun et Azeddine Nouiri, et le bronze de Hayat El Garaa et Saida Amoudi.<\/p>\n<p>L\u2019\u00e9quipe nationale de c\u00e9cifoot a termin\u00e9 deuxi\u00e8me de sa poule, apr\u00e8s un nul face \u00e0 l\u2019Espagne (1-1), une victoire conte la Tha\u00eflande (2-0) et une d\u00e9faite devant l\u2019Argentine (1-2), avant de s\u2019incliner difficilement en demi-finale (1-0) face au double champion en titre, le Br\u00e9sil.<\/p>\n<\/div>\n<p>Auteur: ALM<br \/>\n<a href=\"https:\/\/aujourdhui.ma\/une\/cecifoot-lequipe-nationale-sadjuge-le-bronze-des-jeux-paralympiques\">Cliquez ici pour lire l&rsquo;article depuis sa source.<\/a><\/p>\n","protected":false},"excerpt":{"rendered":"<p>L\u2019\u00e9quipe nationale de c\u00e9cifoot a arrach\u00e9, samedi, la m\u00e9daille de bronze des Jeux paralympiques de Tokyo, en s\u2019imposant face \u00e0 la s\u00e9lection chinoise par 4 buts \u00e0 z\u00e9ro. \u00c0 l\u2019image de ses performances lors des quatre premiers matchs, Zouhair Snisla n\u2019a pas manqu\u00e9 l\u2019occasion pour briller encore une fois en signant 4 buts (4\u00e8, 8\u00e8, [&hellip;]<\/p>\n","protected":false},"author":1759,"featured_media":0,"comment_status":"closed","ping_status":"closed","sticky":false,"template":"","format":"standard","meta":{"fifu_image_url":"https:\/\/aujourdhui.ma\/wp-content\/uploads\/2021\/09\/cecifoot-300x153.jpg","fifu_image_alt":"C\u00e9cifoot: L\u2019\u00e9quipe nationale s\u2019adjuge le bronze des Jeux paralympiques","footnotes":""},"categories":[73,54],"tags":[],"class_list":["post-126015","post","type-post","status-publish","format-standard","hentry","category-actualite","category-maroc"],"_links":{"self":[{"href":"https:\/\/linitiative.ca\/International\/wp-json\/wp\/v2\/posts\/126015","targetHints":{"allow":["GET"]}}],"collection":[{"href":"https:\/\/linitiative.ca\/International\/wp-json\/wp\/v2\/posts"}],"about":[{"href":"https:\/\/linitiative.ca\/International\/wp-json\/wp\/v2\/types\/post"}],"author":[{"embeddable":true,"href":"https:\/\/linitiative.ca\/International\/wp-json\/wp\/v2\/users\/1759"}],"replies":[{"embeddable":true,"href":"https:\/\/linitiative.ca\/International\/wp-json\/wp\/v2\/comments?post=126015"}],"version-history":[{"count":0,"href":"https:\/\/linitiative.ca\/International\/wp-json\/wp\/v2\/posts\/126015\/revisions"}],"wp:attachment":[{"href":"https:\/\/linitiative.ca\/International\/wp-json\/wp\/v2\/media?parent=126015"}],"wp:term":[{"taxonomy":"category","embeddable":true,"href":"https:\/\/linitiative.ca\/International\/wp-json\/wp\/v2\/categories?post=126015"},{"taxonomy":"post_tag","embeddable":true,"href":"https:\/\/linitiative.ca\/International\/wp-json\/wp\/v2\/tags?post=126015"}],"curies":[{"name":"wp","href":"https:\/\/api.w.org\/{rel}","templated":true}]}}