{"id":126018,"date":"2021-09-04T04:15:37","date_gmt":"2021-09-04T08:15:37","guid":{"rendered":"https:\/\/linitiative.ca\/International\/temps-assez-chaud-pour-ce-samedi\/"},"modified":"2021-09-04T04:15:37","modified_gmt":"2021-09-04T08:15:37","slug":"temps-assez-chaud-pour-ce-samedi","status":"publish","type":"post","link":"https:\/\/linitiative.ca\/International\/temps-assez-chaud-pour-ce-samedi\/","title":{"rendered":"Temps assez chaud pour ce samedi"},"content":{"rendered":"<div>\n<div style=\"margin-bottom:20px;\"><img loading=\"lazy\" decoding=\"async\" width=\"750\" height=\"430\" src=\"https:\/\/linitiative.ca\/International\/wp-content\/uploads\/sites\/23\/2021\/09\/soleil-3.jpg\" class=\"attachment-post-thumbnail size-post-thumbnail wp-post-image\" alt=\"\" srcset=\"https:\/\/linitiative.ca\/International\/wp-content\/uploads\/sites\/23\/2021\/09\/soleil-3.jpg 750w, http:\/\/www.mapmarrakech.ma\/map\/uploads\/2021\/08\/soleil-3-300x172.jpg 300w\" sizes=\"auto, (max-width: 750px) 100vw, 750px\"><\/div>\n<p>\u00a0<\/p>\n<p>\u2013 Temps assez chaud sur les plaines int\u00e9rieures, l\u2019extr\u00eame sud et sud-est du pays.<\/p>\n<p>\u2013 Quelques nuages cumuliformes et l\u00e9g\u00e8rement instables sur le haut et le moyen atlas et le sud de l\u2019oriental.<\/p>\n<p>\u2013 Nuages bas denses sur les c\u00f4tes atlantiques centre et sud avec brume ou bruine locale.<\/p>\n<p>\u2013 Formations brumeuses par endroits sur les plaines atlantiques nord.<\/p>\n<p>\u2013 Chasses sable sur le sud de l\u2019oriental et le sud-est.<\/p>\n<p>\u2013 Vent mod\u00e9r\u00e9 de secteur nord sur les provinces sud, de sud-ouest sur le sud-est et le sud de l\u2019oriental et de nord ailleurs.<\/p>\n<p>\u2013 Temp\u00e9ratures minimales de l\u2019ordre de 24\/31\u00b0c sur le sud-est et le sud des provinces sahariennes, de 14\/19\u00b0c sur les reliefs et les plaines atlantiques nord et centre et de 19\/24\u00b0c sur le reste du pays.<\/p>\n<p>\u2013 Temp\u00e9ratures maximales de l\u2019ordre de 38\/44\u00b0c sur le sud-est et les parties sud et est des provinces sahariennes, de 25\/33\u00b0c sur l\u2019atlas et pr\u00e8s des c\u00f4tes et de 33\/38\u00b0sur le reste du pays.<\/p>\n<p>\u2013 Mer belle \u00e0 peu agit\u00e9e sur la M\u00e9diterran\u00e9e et le D\u00e9troit, peu agit\u00e9e entre Cap Spartel et Safi et peu agit\u00e9e \u00e0 agit\u00e9e au Sud.<\/p>\n<p>The post <a rel=\"nofollow\" href=\"http:\/\/www.mapmarrakech.ma\/fr\/temps-assez-chaud-pour-ce-samedi\/\">Temps assez chaud pour ce samedi<\/a> appeared first on <a rel=\"nofollow\" href=\"http:\/\/www.mapmarrakech.ma\/fr\">MapMarrakech<\/a>.<\/p>\n<\/div>\n<p>Auteur: Mohammed KOURSI<br \/>\n<a href=\"http:\/\/www.mapmarrakech.ma\/fr\/temps-assez-chaud-pour-ce-samedi\/\">Cliquez ici pour lire l&rsquo;article depuis sa source.<\/a><\/p>\n","protected":false},"excerpt":{"rendered":"<p>\u00a0 \u2013 Temps assez chaud sur les plaines int\u00e9rieures, l\u2019extr\u00eame sud et sud-est du pays. \u2013 Quelques nuages cumuliformes et l\u00e9g\u00e8rement instables sur le haut et le moyen atlas et le sud de l\u2019oriental. \u2013 Nuages bas denses sur les c\u00f4tes atlantiques centre et sud avec brume ou bruine locale. \u2013 Formations brumeuses par endroits [&hellip;]<\/p>\n","protected":false},"author":1788,"featured_media":0,"comment_status":"closed","ping_status":"closed","sticky":false,"template":"","format":"standard","meta":{"fifu_image_url":"http:\/\/www.mapmarrakech.ma\/map\/uploads\/2021\/08\/soleil-3.jpg","fifu_image_alt":"Temps assez chaud pour ce samedi","footnotes":""},"categories":[54,76],"tags":[],"class_list":["post-126018","post","type-post","status-publish","format-standard","hentry","category-maroc","category-regions"],"_links":{"self":[{"href":"https:\/\/linitiative.ca\/International\/wp-json\/wp\/v2\/posts\/126018","targetHints":{"allow":["GET"]}}],"collection":[{"href":"https:\/\/linitiative.ca\/International\/wp-json\/wp\/v2\/posts"}],"about":[{"href":"https:\/\/linitiative.ca\/International\/wp-json\/wp\/v2\/types\/post"}],"author":[{"embeddable":true,"href":"https:\/\/linitiative.ca\/International\/wp-json\/wp\/v2\/users\/1788"}],"replies":[{"embeddable":true,"href":"https:\/\/linitiative.ca\/International\/wp-json\/wp\/v2\/comments?post=126018"}],"version-history":[{"count":0,"href":"https:\/\/linitiative.ca\/International\/wp-json\/wp\/v2\/posts\/126018\/revisions"}],"wp:attachment":[{"href":"https:\/\/linitiative.ca\/International\/wp-json\/wp\/v2\/media?parent=126018"}],"wp:term":[{"taxonomy":"category","embeddable":true,"href":"https:\/\/linitiative.ca\/International\/wp-json\/wp\/v2\/categories?post=126018"},{"taxonomy":"post_tag","embeddable":true,"href":"https:\/\/linitiative.ca\/International\/wp-json\/wp\/v2\/tags?post=126018"}],"curies":[{"name":"wp","href":"https:\/\/api.w.org\/{rel}","templated":true}]}}