{"id":126020,"date":"2021-09-04T06:05:36","date_gmt":"2021-09-04T10:05:36","guid":{"rendered":"https:\/\/linitiative.ca\/International\/marrakech-en-vedette-samedi-soir-sur-france2\/"},"modified":"2021-09-04T06:05:36","modified_gmt":"2021-09-04T10:05:36","slug":"marrakech-en-vedette-samedi-soir-sur-france2","status":"publish","type":"post","link":"https:\/\/linitiative.ca\/International\/marrakech-en-vedette-samedi-soir-sur-france2\/","title":{"rendered":"Marrakech en vedette samedi soir sur France2"},"content":{"rendered":"<div>\n<div style=\"margin-bottom:20px;\"><img loading=\"lazy\" decoding=\"async\" width=\"750\" height=\"430\" src=\"https:\/\/linitiative.ca\/International\/wp-content\/uploads\/sites\/23\/2021\/09\/jemaa-el-fna-copier.jpg\" class=\"attachment-post-thumbnail size-post-thumbnail wp-post-image\" alt=\"\" srcset=\"https:\/\/linitiative.ca\/International\/wp-content\/uploads\/sites\/23\/2021\/09\/jemaa-el-fna-copier.jpg 750w, http:\/\/www.mapmarrakech.ma\/map\/uploads\/2021\/09\/jemaa-el-fna-copier-300x172.jpg 300w\" sizes=\"auto, (max-width: 750px) 100vw, 750px\"><\/div>\n<p>Parmi les personnalit\u00e9s pr\u00e9sentes \u00e0 cette soir\u00e9e, la secr\u00e9taire d\u2019Etat fran\u00e7aise charg\u00e9e des personnes handicap\u00e9es, Sophie Cluzel, le pr\u00e9sident de l\u2019IMA, Jack Lang, le pr\u00e9sident de la Fondation des mus\u00e9es du Maroc, Mehdi Qotbi, l\u2019ambassadeur du Maroc \u00e0 Paris, Chakib Benmoussa et le nouveau secr\u00e9taire g\u00e9n\u00e9ral du groupe France T\u00e9l\u00e9visions, Christophe Tardieu.<\/p>\n<p>Etaient \u00e9galement pr\u00e9sents la productrice de l\u2019\u00e9mission\u00a0Daniela Lumbroso, le\u00a0pr\u00e9sident-fondateur de l\u2019Orchestre philarmonique du Maroc,\u00a0Farid Bensa\u00efd, le\u00a0directeur de l\u2019Office national du tourisme marocain en France, Khalid Mimi,\u00a0ainsi que nombre de stars de la chanson en France.<\/p>\n<p>\u00ab\u00a0C\u2019est une grande fiert\u00e9 et un immense honneur pour l\u2019IMA que d\u2019\u00eatre associ\u00e9 \u00e0 cet \u00e9v\u00e8nement sur les musiques orientales\u00a0\u00bb, a d\u00e9clar\u00e9 \u00e0 cette occasion Jack Lang.<\/p>\n<p>De son c\u00f4t\u00e9, le Secr\u00e9taire g\u00e9n\u00e9ral du groupe France T\u00e9l\u00e9visions, Christophe Tardieu a affirm\u00e9 que son groupe est \u00ab extr\u00eamement fier que France2 va diffuser samedi en prime time cette formidable \u00e9mission qui va surprendre tous nos spectateurs et qui va surtout redonner de la joie, de la gait\u00e9, de l\u2019entrain et du bonheur, ces choses que l\u2019on essaye de red\u00e9couvrir petit \u00e0 petit \u00bb.<\/p>\n<p>Pour la productrice de l\u2019\u00e9mission Daniela Lumbroso, \u00ab\u00a0cette \u00e9mission fait r\u00eaver et ram\u00e8ne le soleil de Marrakech en France \u00bb. \u00ab Elle permet de retrouver la sensualit\u00e9 de la musique orientale et de retrouver aussi le partage, l\u2019harmonie par ce qu\u2019un orchestre ne peut marcher que quand tout le monde joue ensemble\u00a0\u00bb.<\/p>\n<p>Enregistr\u00e9e dans la cit\u00e9 Ocre, en partenariat avec l\u2019Office national marocain du tourisme (ONMT), qui en a assur\u00e9 l\u2019encadrement et la logistique, cette \u00e9mission, en plus de c\u00e9l\u00e9brer la musique orientale, a \u00e9galement pour vocation de promouvoir la destination touristique Maroc.<\/p>\n<p>L\u2019\u00e9v\u00e8nement musical permettra \u00e0 un tr\u00e8s large public en France mais aussi dans les pays desservis par France2 de (re)d\u00e9couvrir des chansons fran\u00e7aises et orientales connues, revisit\u00e9es et interpr\u00e9t\u00e9es par des stars de la chanson.<\/p>\n<p>L\u2019\u00e9mission sera diffus\u00e9e ce samedi en prime time \u00e0 21h05 (20h05 heure marocaine). Elle regroupera plus d\u2019une vingtaine d\u2019artistes de renomm\u00e9e internationale parmi lesquels Gims, Enrico Macias, Amir, Amel Bent, Carla Bruni, Camelia Jordana, Slimane et Vitta, Dany Brillant et d\u2019autres.<\/p>\n<p>Ils ont \u00e9t\u00e9 accompagn\u00e9s par les musiciens de l\u2019Orchestre Philharmonique du Maroc au sein duquel \u00e9taient int\u00e9gr\u00e9s des \u00e9l\u00e8ves du programme INDH Mazaya port\u00e9 par la Fondation T\u00e9nor pour la Culture, sous la direction de la pianiste-concertiste et chef d\u2019orchestre Dina Bensa\u00efd.<\/p>\n<p>Carla Bruni offre ainsi, en duo avec Amir, une reprise de \u00ab La Vie en rose \u00bb. De leurs c\u00f4t\u00e9s, Nicoletta et Claudio Cap\u00e9o interpr\u00e8tent \u00ab Il est mort le soleil \u00bb. Barbara Pravi fait vibrer \u00e0 sa mani\u00e8re \u00ab Les Moulins de mon c\u0153ur \u00bb, tandis que Gims, Slimane et Dadju unissent leurs voix sur \u00ab Belle \u00bb.<\/p>\n<p>Alors que Farrah El Dybani et Vincent Niclo racontent leur \u00ab Histoire d\u2019un amour \u00bb, Amel Bent, Vitaa et Cam\u00e9lia Jordana, qui chantent en arabe ensemble pour la premi\u00e8re fois, interpr\u00e9teront les fameux tubs du ra\u00ef \u00ab A\u00efcha \u00bb, \u00ab Ya rayah \u00bb ou \u00ab Abdel Kader \u00bb.<\/p>\n<p>Les stars du Moyen-Orient sont aussi de la partie, comme l\u2019\u00c9gyptien Abu, dont le tube \u00ab 3 Daqat \u00bb totalise 628 millions de vues, ou encore les chanteuses marocaines Hasna et Manal.<\/p>\n<p>Ce show musical, dont l\u2019animation a \u00e9t\u00e9 confi\u00e9e \u00e0 Andr\u00e9 Manoukian, auteur-compositeur et pianiste fran\u00e7ais et Laury Thilleman, avait \u00e9t\u00e9 enregistr\u00e9 entre le 16 et le 18 juin dernier au lendemain de la reprise des vols touristiques vers le Maroc.<\/p>\n<p>\u00ab\u00a0La F\u00eate de la Chanson \u00e0 l\u2019Orientale\u00a0\u00bb sera ult\u00e9rieurement programm\u00e9e \u00e0 l\u2019international sur le r\u00e9seau TV5 Monde, ainsi que sur 2M, \u00e9galement partenaire.<\/p>\n<p>The post <a rel=\"nofollow\" href=\"http:\/\/www.mapmarrakech.ma\/fr\/marrakech-en-vedette-samedi-soir-sur-france2\/\">Marrakech en vedette samedi soir sur France2<\/a> appeared first on <a rel=\"nofollow\" href=\"http:\/\/www.mapmarrakech.ma\/fr\">MapMarrakech<\/a>.<\/p>\n<\/div>\n<p>Auteur: Mohammed KOURSI<br \/>\n<a href=\"http:\/\/www.mapmarrakech.ma\/fr\/marrakech-en-vedette-samedi-soir-sur-france2\/\">Cliquez ici pour lire l&rsquo;article depuis sa source.<\/a><\/p>\n","protected":false},"excerpt":{"rendered":"<p>Parmi les personnalit\u00e9s pr\u00e9sentes \u00e0 cette soir\u00e9e, la secr\u00e9taire d\u2019Etat fran\u00e7aise charg\u00e9e des personnes handicap\u00e9es, Sophie Cluzel, le pr\u00e9sident de l\u2019IMA, Jack Lang, le pr\u00e9sident de la Fondation des mus\u00e9es du Maroc, Mehdi Qotbi, l\u2019ambassadeur du Maroc \u00e0 Paris, Chakib Benmoussa et le nouveau secr\u00e9taire g\u00e9n\u00e9ral du groupe France T\u00e9l\u00e9visions, Christophe Tardieu. Etaient \u00e9galement pr\u00e9sents [&hellip;]<\/p>\n","protected":false},"author":1788,"featured_media":0,"comment_status":"closed","ping_status":"closed","sticky":false,"template":"","format":"standard","meta":{"fifu_image_url":"http:\/\/www.mapmarrakech.ma\/map\/uploads\/2021\/09\/jemaa-el-fna-copier.jpg","fifu_image_alt":"Marrakech en vedette samedi soir sur France2","footnotes":""},"categories":[54,76],"tags":[],"class_list":["post-126020","post","type-post","status-publish","format-standard","hentry","category-maroc","category-regions"],"_links":{"self":[{"href":"https:\/\/linitiative.ca\/International\/wp-json\/wp\/v2\/posts\/126020","targetHints":{"allow":["GET"]}}],"collection":[{"href":"https:\/\/linitiative.ca\/International\/wp-json\/wp\/v2\/posts"}],"about":[{"href":"https:\/\/linitiative.ca\/International\/wp-json\/wp\/v2\/types\/post"}],"author":[{"embeddable":true,"href":"https:\/\/linitiative.ca\/International\/wp-json\/wp\/v2\/users\/1788"}],"replies":[{"embeddable":true,"href":"https:\/\/linitiative.ca\/International\/wp-json\/wp\/v2\/comments?post=126020"}],"version-history":[{"count":0,"href":"https:\/\/linitiative.ca\/International\/wp-json\/wp\/v2\/posts\/126020\/revisions"}],"wp:attachment":[{"href":"https:\/\/linitiative.ca\/International\/wp-json\/wp\/v2\/media?parent=126020"}],"wp:term":[{"taxonomy":"category","embeddable":true,"href":"https:\/\/linitiative.ca\/International\/wp-json\/wp\/v2\/categories?post=126020"},{"taxonomy":"post_tag","embeddable":true,"href":"https:\/\/linitiative.ca\/International\/wp-json\/wp\/v2\/tags?post=126020"}],"curies":[{"name":"wp","href":"https:\/\/api.w.org\/{rel}","templated":true}]}}