{"id":126024,"date":"2021-09-04T13:06:44","date_gmt":"2021-09-04T17:06:44","guid":{"rendered":"https:\/\/linitiative.ca\/International\/temps-chaud-du-dimanche-au-mercredi\/"},"modified":"2021-09-04T13:06:44","modified_gmt":"2021-09-04T17:06:44","slug":"temps-chaud-du-dimanche-au-mercredi","status":"publish","type":"post","link":"https:\/\/linitiative.ca\/International\/temps-chaud-du-dimanche-au-mercredi\/","title":{"rendered":"Temps chaud du dimanche au mercredi"},"content":{"rendered":"<div>\n<div style=\"margin-bottom:20px;\"><img loading=\"lazy\" decoding=\"async\" width=\"750\" height=\"430\" src=\"https:\/\/linitiative.ca\/International\/wp-content\/uploads\/sites\/23\/2021\/09\/vague-de-chaleur.jpg\" class=\"attachment-post-thumbnail size-post-thumbnail wp-post-image\" alt=\"\" srcset=\"https:\/\/linitiative.ca\/International\/wp-content\/uploads\/sites\/23\/2021\/09\/vague-de-chaleur.jpg 750w, http:\/\/www.mapmarrakech.ma\/map\/uploads\/2021\/09\/vague-de-chaleur-300x172.jpg 300w\" sizes=\"auto, (max-width: 750px) 100vw, 750px\"><\/div>\n<p>Ainsi, des temp\u00e9ratures variant entre 40 et 45\u00b0C concerneront, dimanche et lundi, les provinces d\u2019Aousserd, Assa-Zag, Beni Mellal, Benslimane, Boujdour, Chichaoua, El Hajeb, El Kelaa des Sraghna, Errachidia, Es-Semara, F\u00e8s, Fquih Ben Salah, Guelmim, Khemisset, Khouribga, Marrakech, Mekn\u00e8s, Moulay Yacoub, Oued Ed-Dahab, Ouezzane, Rehamna, Settat, Sidi Bennour, Sidi Ifni, Sidi Kacem, Sidi Slimane, Tan-Tan, Taounate, Taroudant, Tata, Youssoufia et Zagora, a pr\u00e9cis\u00e9 la DGM.<\/p>\n<p>Le m\u00eame ph\u00e9nom\u00e8ne int\u00e9ressera, mardi et mercredi, les provinces d\u2019Aousserd, Assa-Zag, Es-Semara, Guelmim, Inezgane-Ait Melloul, Oued Ed-Dahab, Sidi Ifni, Taroudant, Tata et Zagora, a ajout\u00e9 la m\u00eame source.<\/p>\n<p>The post <a rel=\"nofollow\" href=\"http:\/\/www.mapmarrakech.ma\/fr\/temps-chaud-du-dimanche-au-mercredi\/\">Temps chaud du dimanche au mercredi<\/a> appeared first on <a rel=\"nofollow\" href=\"http:\/\/www.mapmarrakech.ma\/fr\">MapMarrakech<\/a>.<\/p>\n<\/div>\n<p>Auteur: Mohammed KOURSI<br \/>\n<a href=\"http:\/\/www.mapmarrakech.ma\/fr\/temps-chaud-du-dimanche-au-mercredi\/\">Cliquez ici pour lire l&rsquo;article depuis sa source.<\/a><\/p>\n","protected":false},"excerpt":{"rendered":"<p>Ainsi, des temp\u00e9ratures variant entre 40 et 45\u00b0C concerneront, dimanche et lundi, les provinces d\u2019Aousserd, Assa-Zag, Beni Mellal, Benslimane, Boujdour, Chichaoua, El Hajeb, El Kelaa des Sraghna, Errachidia, Es-Semara, F\u00e8s, Fquih Ben Salah, Guelmim, Khemisset, Khouribga, Marrakech, Mekn\u00e8s, Moulay Yacoub, Oued Ed-Dahab, Ouezzane, Rehamna, Settat, Sidi Bennour, Sidi Ifni, Sidi Kacem, Sidi Slimane, Tan-Tan, Taounate, [&hellip;]<\/p>\n","protected":false},"author":1788,"featured_media":0,"comment_status":"closed","ping_status":"closed","sticky":false,"template":"","format":"standard","meta":{"fifu_image_url":"http:\/\/www.mapmarrakech.ma\/map\/uploads\/2021\/09\/vague-de-chaleur.jpg","fifu_image_alt":"Temps chaud du dimanche au mercredi","footnotes":""},"categories":[54,76],"tags":[],"class_list":["post-126024","post","type-post","status-publish","format-standard","hentry","category-maroc","category-regions"],"_links":{"self":[{"href":"https:\/\/linitiative.ca\/International\/wp-json\/wp\/v2\/posts\/126024","targetHints":{"allow":["GET"]}}],"collection":[{"href":"https:\/\/linitiative.ca\/International\/wp-json\/wp\/v2\/posts"}],"about":[{"href":"https:\/\/linitiative.ca\/International\/wp-json\/wp\/v2\/types\/post"}],"author":[{"embeddable":true,"href":"https:\/\/linitiative.ca\/International\/wp-json\/wp\/v2\/users\/1788"}],"replies":[{"embeddable":true,"href":"https:\/\/linitiative.ca\/International\/wp-json\/wp\/v2\/comments?post=126024"}],"version-history":[{"count":0,"href":"https:\/\/linitiative.ca\/International\/wp-json\/wp\/v2\/posts\/126024\/revisions"}],"wp:attachment":[{"href":"https:\/\/linitiative.ca\/International\/wp-json\/wp\/v2\/media?parent=126024"}],"wp:term":[{"taxonomy":"category","embeddable":true,"href":"https:\/\/linitiative.ca\/International\/wp-json\/wp\/v2\/categories?post=126024"},{"taxonomy":"post_tag","embeddable":true,"href":"https:\/\/linitiative.ca\/International\/wp-json\/wp\/v2\/tags?post=126024"}],"curies":[{"name":"wp","href":"https:\/\/api.w.org\/{rel}","templated":true}]}}