{"id":126028,"date":"2021-09-03T19:17:55","date_gmt":"2021-09-03T23:17:55","guid":{"rendered":"https:\/\/linitiative.ca\/International\/covid-19-les-eleves-de-12-a-17-ans-peuvent-se-faire-vacciner-sans-condition-de-lieu-de-residence\/"},"modified":"2021-09-03T19:17:55","modified_gmt":"2021-09-03T23:17:55","slug":"covid-19-les-eleves-de-12-a-17-ans-peuvent-se-faire-vacciner-sans-condition-de-lieu-de-residence","status":"publish","type":"post","link":"https:\/\/linitiative.ca\/International\/covid-19-les-eleves-de-12-a-17-ans-peuvent-se-faire-vacciner-sans-condition-de-lieu-de-residence\/","title":{"rendered":"Covid-19: les \u00e9l\u00e8ves de 12 \u00e0 17 ans peuvent se faire vacciner sans condition de lieu de r\u00e9sidence"},"content":{"rendered":"<div>\n<div style=\"margin-bottom:20px;\"><img loading=\"lazy\" decoding=\"async\" width=\"750\" height=\"430\" src=\"https:\/\/linitiative.ca\/International\/wp-content\/uploads\/sites\/23\/2021\/09\/SiC3A8ge-MinistC3A8re-de-lE28099C389ducation-Nationale-750C397430-MAP.jpg\" class=\"attachment-post-thumbnail size-post-thumbnail wp-post-image\" alt=\"\" srcset=\"https:\/\/linitiative.ca\/International\/wp-content\/uploads\/sites\/23\/2021\/09\/SiC3A8ge-MinistC3A8re-de-lE28099C389ducation-Nationale-750C397430-MAP.jpg 750w, http:\/\/www.mapoujda.ma\/map\/uploads\/2021\/01\/Si\u00e8ge-Minist\u00e8re-de-l\u2019\u00c9ducation-Nationale-750\u00d7430-MAP-300x172.jpg 300w\" sizes=\"auto, (max-width: 750px) 100vw, 750px\"><\/div>\n<div>\n<p style=\"text-align: justify;\">Les parents et tuteurs des \u00e9l\u00e8ves \u00e2g\u00e9s de 12 \u00e0 17 ans et inscrits dans les \u00e9tablissements d\u2019enseignement public et priv\u00e9, ainsi que les \u00e9coles d\u2019enseignement originel, les missions \u00e9trang\u00e8res et instituts de formation professionnelle, peuvent faire vacciner leurs enfants contre la Covid-19 dans le centre de vaccination et avec le vaccin de leur choix (Pfizer ou Sinopharm), sans avoir \u00e0 remplir la condition de lieu de r\u00e9sidence.<\/p>\n<p style=\"text-align: justify;\">Dans un communiqu\u00e9, le minist\u00e8re de l\u2019\u00c9ducation nationale, de la formation professionnelle, de l\u2019enseignement sup\u00e9rieur et de la recherche scientifique souligne que l\u2019acc\u00e8s \u00e0 la vaccination pour les \u00e9l\u00e8ves de cette tranche d\u2019\u00e2ge, lanc\u00e9e le 31 ao\u00fbt dernier, demeure gratuit, volontaire et soumis \u00e0 l\u2019accord des parents.<\/p>\n<p style=\"text-align: justify;\">Il invite les parents et tuteurs des \u00e9l\u00e8ves \u00e0 consulter la liste des centres de vaccination en vue de choisir celui o\u00f9 ils souhaitent faire vacciner leur enfant, tout en les appelant \u00e0 adh\u00e9rer massivement \u00e0 cette op\u00e9ration importante destin\u00e9e \u00e0 prot\u00e9ger les apprenants en vue de progresser sur la voie de l\u2019immunit\u00e9 collective.<\/p>\n<p style=\"text-align: justify;\">L\u2019op\u00e9ration de vaccination de la tranche d\u2019\u00e2ge des 12-17 ans, lanc\u00e9e le 31 ao\u00fbt dans l\u2019ensemble des centres de vaccination situ\u00e9s dans 419 \u00e9tablissements scolaires, connait une grande affluence aupr\u00e8s des \u00e9l\u00e8ves et des familles en g\u00e9n\u00e9ral, ajoute le communiqu\u00e9.<\/p>\n<p style=\"text-align: justify;\">La liste compl\u00e8te des centres de vaccination a \u00e9t\u00e9 mise en ligne sur les sites web, pages officielles et r\u00e9seaux sociaux du minist\u00e8re, des acad\u00e9mies r\u00e9gionales de l\u2019\u00e9ducation et de la formation et des directions provinciales de l\u2019\u00e9ducation.<\/p>\n<\/div>\n<p>L\u2019article <a rel=\"nofollow\" href=\"http:\/\/www.mapoujda.ma\/fr\/covid-19-les-eleves-de-12-a-17-ans-peuvent-se-faire-vacciner-sans-condition-de-lieu-de-residence\/\">Covid-19: les \u00e9l\u00e8ves de 12 \u00e0 17 ans peuvent se faire vacciner sans condition de lieu de r\u00e9sidence<\/a> est apparu en premier sur <a rel=\"nofollow\" href=\"http:\/\/www.mapoujda.ma\/fr\">MapOujda<\/a>.<\/p>\n<\/div>\n<p>Auteur: Soufiane ELAHMAR<br \/>\n<a href=\"http:\/\/www.mapoujda.ma\/fr\/covid-19-les-eleves-de-12-a-17-ans-peuvent-se-faire-vacciner-sans-condition-de-lieu-de-residence\/\">Cliquez ici pour lire l&rsquo;article depuis sa source.<\/a><\/p>\n","protected":false},"excerpt":{"rendered":"<p>Les parents et tuteurs des \u00e9l\u00e8ves \u00e2g\u00e9s de 12 \u00e0 17 ans et inscrits dans les \u00e9tablissements d\u2019enseignement public et priv\u00e9, ainsi que les \u00e9coles d\u2019enseignement originel, les missions \u00e9trang\u00e8res et instituts de formation professionnelle, peuvent faire vacciner leurs enfants contre la Covid-19 dans le centre de vaccination et avec le vaccin de leur choix [&hellip;]<\/p>\n","protected":false},"author":1788,"featured_media":0,"comment_status":"closed","ping_status":"closed","sticky":false,"template":"","format":"standard","meta":{"fifu_image_url":"http:\/\/www.mapoujda.ma\/map\/uploads\/2021\/01\/Si\u00e8ge-Minist\u00e8re-de-l\u2019\u00c9ducation-Nationale-750\u00d7430-MAP.jpg","fifu_image_alt":"Covid-19: les \u00e9l\u00e8ves de 12 \u00e0 17 ans peuvent se faire vacciner sans condition de lieu de r\u00e9sidence","footnotes":""},"categories":[54,76],"tags":[],"class_list":["post-126028","post","type-post","status-publish","format-standard","hentry","category-maroc","category-regions"],"_links":{"self":[{"href":"https:\/\/linitiative.ca\/International\/wp-json\/wp\/v2\/posts\/126028","targetHints":{"allow":["GET"]}}],"collection":[{"href":"https:\/\/linitiative.ca\/International\/wp-json\/wp\/v2\/posts"}],"about":[{"href":"https:\/\/linitiative.ca\/International\/wp-json\/wp\/v2\/types\/post"}],"author":[{"embeddable":true,"href":"https:\/\/linitiative.ca\/International\/wp-json\/wp\/v2\/users\/1788"}],"replies":[{"embeddable":true,"href":"https:\/\/linitiative.ca\/International\/wp-json\/wp\/v2\/comments?post=126028"}],"version-history":[{"count":0,"href":"https:\/\/linitiative.ca\/International\/wp-json\/wp\/v2\/posts\/126028\/revisions"}],"wp:attachment":[{"href":"https:\/\/linitiative.ca\/International\/wp-json\/wp\/v2\/media?parent=126028"}],"wp:term":[{"taxonomy":"category","embeddable":true,"href":"https:\/\/linitiative.ca\/International\/wp-json\/wp\/v2\/categories?post=126028"},{"taxonomy":"post_tag","embeddable":true,"href":"https:\/\/linitiative.ca\/International\/wp-json\/wp\/v2\/tags?post=126028"}],"curies":[{"name":"wp","href":"https:\/\/api.w.org\/{rel}","templated":true}]}}