{"id":126033,"date":"2021-09-04T08:01:25","date_gmt":"2021-09-04T12:01:25","guid":{"rendered":"https:\/\/linitiative.ca\/International\/opci-lactif-en-hausse-de-19-a-fin-juillet\/"},"modified":"2021-09-04T08:01:25","modified_gmt":"2021-09-04T12:01:25","slug":"opci-lactif-en-hausse-de-19-a-fin-juillet","status":"publish","type":"post","link":"https:\/\/linitiative.ca\/International\/opci-lactif-en-hausse-de-19-a-fin-juillet\/","title":{"rendered":"OPCI: L&rsquo;actif en hausse de 19% \u00e0 fin juillet"},"content":{"rendered":"<div>\n<div class=\"field field-name-body field-type-text-with-summary field-label-hidden\">\n<div class=\"field-items\">\n<div class=\"field-item even\" property=\"content:encoded\">\n<p class=\"rtejustify\">L&rsquo;actif net des actifs sous gestion des organismes de placement collectif en immobilier (OPCI) s&rsquo;est \u00e9lev\u00e9 \u00e0 7,24 milliards de DH \u00e0 fin juillet, en hausse de pr\u00e8s de 19% en glissement annuel, selon l&rsquo;Autorit\u00e9 marocaine du march\u00e9 des capitaux (AMMC).<\/p>\n<\/div>\n<\/div>\n<\/div>\n<\/div>\n<p>Auteur: hgueye<br \/>\n<a href=\"https:\/\/www.leconomiste.com\/flash-infos\/opci-l-actif-en-hausse-de-19-fin-juillet\">Cliquez ici pour lire l&rsquo;article depuis sa source.<\/a><\/p>\n","protected":false},"excerpt":{"rendered":"<p>L&rsquo;actif net des actifs sous gestion des organismes de placement collectif en immobilier (OPCI) s&rsquo;est \u00e9lev\u00e9 \u00e0 7,24 milliards de DH \u00e0 fin juillet, en hausse de pr\u00e8s de 19% en glissement annuel, selon l&rsquo;Autorit\u00e9 marocaine du march\u00e9 des capitaux (AMMC). Auteur: hgueye Cliquez ici pour lire l&rsquo;article depuis sa source.<\/p>\n","protected":false},"author":1763,"featured_media":0,"comment_status":"closed","ping_status":"closed","sticky":false,"template":"","format":"standard","meta":{"fifu_image_url":"","fifu_image_alt":"","footnotes":""},"categories":[78,54],"tags":[],"class_list":["post-126033","post","type-post","status-publish","format-standard","hentry","category-economie","category-maroc"],"_links":{"self":[{"href":"https:\/\/linitiative.ca\/International\/wp-json\/wp\/v2\/posts\/126033","targetHints":{"allow":["GET"]}}],"collection":[{"href":"https:\/\/linitiative.ca\/International\/wp-json\/wp\/v2\/posts"}],"about":[{"href":"https:\/\/linitiative.ca\/International\/wp-json\/wp\/v2\/types\/post"}],"author":[{"embeddable":true,"href":"https:\/\/linitiative.ca\/International\/wp-json\/wp\/v2\/users\/1763"}],"replies":[{"embeddable":true,"href":"https:\/\/linitiative.ca\/International\/wp-json\/wp\/v2\/comments?post=126033"}],"version-history":[{"count":0,"href":"https:\/\/linitiative.ca\/International\/wp-json\/wp\/v2\/posts\/126033\/revisions"}],"wp:attachment":[{"href":"https:\/\/linitiative.ca\/International\/wp-json\/wp\/v2\/media?parent=126033"}],"wp:term":[{"taxonomy":"category","embeddable":true,"href":"https:\/\/linitiative.ca\/International\/wp-json\/wp\/v2\/categories?post=126033"},{"taxonomy":"post_tag","embeddable":true,"href":"https:\/\/linitiative.ca\/International\/wp-json\/wp\/v2\/tags?post=126033"}],"curies":[{"name":"wp","href":"https:\/\/api.w.org\/{rel}","templated":true}]}}