{"id":126034,"date":"2021-09-04T10:04:55","date_gmt":"2021-09-04T14:04:55","guid":{"rendered":"https:\/\/linitiative.ca\/International\/mission-francaise-la-rentree-reportee\/"},"modified":"2021-09-04T10:04:55","modified_gmt":"2021-09-04T14:04:55","slug":"mission-francaise-la-rentree-reportee","status":"publish","type":"post","link":"https:\/\/linitiative.ca\/International\/mission-francaise-la-rentree-reportee\/","title":{"rendered":"Mission fran\u00e7aise: La rentr\u00e9e report\u00e9e"},"content":{"rendered":"<div>\n<div class=\"field field-name-body field-type-text-with-summary field-label-hidden\">\n<div class=\"field-items\">\n<div class=\"field-item even\" property=\"content:encoded\">\n<p class=\"rtejustify\">La rentr\u00e9e scolaire 2021\/2022 a \u00e9t\u00e9 report\u00e9e dans les \u00e9tablissements de la Mission fran\u00e7aise. L&rsquo;annonce a \u00e9t\u00e9 faite ce samedi par la Mission.\u00a0Ce report fait suite \u00e0 la demande des autorit\u00e9s marocaines. Ainsi,\u00a0la rentr\u00e9e des \u00e9l\u00e8ves dans les \u00e9tablissements du r\u00e9seau scolaire fran\u00e7ais du Royaume se d\u00e9roulera le vendredi 10 septembre.<\/p>\n<\/div>\n<\/div>\n<\/div>\n<\/div>\n<p>Auteur: hgueye<br \/>\n<a href=\"https:\/\/www.leconomiste.com\/flash-infos\/mission-francaise-la-rentree-reportee\">Cliquez ici pour lire l&rsquo;article depuis sa source.<\/a><\/p>\n","protected":false},"excerpt":{"rendered":"<p>La rentr\u00e9e scolaire 2021\/2022 a \u00e9t\u00e9 report\u00e9e dans les \u00e9tablissements de la Mission fran\u00e7aise. L&rsquo;annonce a \u00e9t\u00e9 faite ce samedi par la Mission.\u00a0Ce report fait suite \u00e0 la demande des autorit\u00e9s marocaines. Ainsi,\u00a0la rentr\u00e9e des \u00e9l\u00e8ves dans les \u00e9tablissements du r\u00e9seau scolaire fran\u00e7ais du Royaume se d\u00e9roulera le vendredi 10 septembre. Auteur: hgueye Cliquez ici [&hellip;]<\/p>\n","protected":false},"author":1763,"featured_media":0,"comment_status":"closed","ping_status":"closed","sticky":false,"template":"","format":"standard","meta":{"fifu_image_url":"","fifu_image_alt":"","footnotes":""},"categories":[78,54],"tags":[],"class_list":["post-126034","post","type-post","status-publish","format-standard","hentry","category-economie","category-maroc"],"_links":{"self":[{"href":"https:\/\/linitiative.ca\/International\/wp-json\/wp\/v2\/posts\/126034","targetHints":{"allow":["GET"]}}],"collection":[{"href":"https:\/\/linitiative.ca\/International\/wp-json\/wp\/v2\/posts"}],"about":[{"href":"https:\/\/linitiative.ca\/International\/wp-json\/wp\/v2\/types\/post"}],"author":[{"embeddable":true,"href":"https:\/\/linitiative.ca\/International\/wp-json\/wp\/v2\/users\/1763"}],"replies":[{"embeddable":true,"href":"https:\/\/linitiative.ca\/International\/wp-json\/wp\/v2\/comments?post=126034"}],"version-history":[{"count":0,"href":"https:\/\/linitiative.ca\/International\/wp-json\/wp\/v2\/posts\/126034\/revisions"}],"wp:attachment":[{"href":"https:\/\/linitiative.ca\/International\/wp-json\/wp\/v2\/media?parent=126034"}],"wp:term":[{"taxonomy":"category","embeddable":true,"href":"https:\/\/linitiative.ca\/International\/wp-json\/wp\/v2\/categories?post=126034"},{"taxonomy":"post_tag","embeddable":true,"href":"https:\/\/linitiative.ca\/International\/wp-json\/wp\/v2\/tags?post=126034"}],"curies":[{"name":"wp","href":"https:\/\/api.w.org\/{rel}","templated":true}]}}