{"id":126035,"date":"2021-09-04T10:10:48","date_gmt":"2021-09-04T14:10:48","guid":{"rendered":"https:\/\/linitiative.ca\/International\/jeux-paralympiques-deux-nouvelles-medailles-dor-pour-le-maroc\/"},"modified":"2021-09-04T10:10:48","modified_gmt":"2021-09-04T14:10:48","slug":"jeux-paralympiques-deux-nouvelles-medailles-dor-pour-le-maroc","status":"publish","type":"post","link":"https:\/\/linitiative.ca\/International\/jeux-paralympiques-deux-nouvelles-medailles-dor-pour-le-maroc\/","title":{"rendered":"Jeux paralympiques: Deux nouvelles m\u00e9dailles d&rsquo;or pour le Maroc"},"content":{"rendered":"<div>\n<div class=\"field field-name-body field-type-text-with-summary field-label-hidden\">\n<div class=\"field-items\">\n<div class=\"field-item even\" property=\"content:encoded\">\n<p class=\"rtejustify\">Le Maroc s\u2019offre deux nouvelles m\u00e9dailles d\u2019or aux jeux paralympiques.\u00a0\u00a0Les athl\u00e8tes Zakariae Derehem et Ayoub Sadni ont d\u00e9croch\u00e9 le titre paralympique samedi au lancer du poids (classe F33) et au 400 m T46-47. Zakariae Derehem a r\u00e9ussi un jet de 11.37 m en battant le record paralympique, devant l&rsquo;Alg\u00e9rien Kamel Kardjena (11.34 m) et le Croate Deni Serbi (11.25 m). De son c\u00f4t\u00e9, Ayoub Sadni a remport\u00e9 le\u00a0400 m (classe T46-47), en battant le record mondial en 47 sec 38\/100e. Il offre ainsi sa 3e m\u00e9daille d&rsquo;or au Maroc.<\/p>\n<\/div>\n<\/div>\n<\/div>\n<\/div>\n<p>Auteur: hgueye<br \/>\n<a href=\"https:\/\/www.leconomiste.com\/flash-infos\/jeux-paralympiques-deux-nouvelles-medailles-d-or-pour-le-maroc\">Cliquez ici pour lire l&rsquo;article depuis sa source.<\/a><\/p>\n","protected":false},"excerpt":{"rendered":"<p>Le Maroc s\u2019offre deux nouvelles m\u00e9dailles d\u2019or aux jeux paralympiques.\u00a0\u00a0Les athl\u00e8tes Zakariae Derehem et Ayoub Sadni ont d\u00e9croch\u00e9 le titre paralympique samedi au lancer du poids (classe F33) et au 400 m T46-47. Zakariae Derehem a r\u00e9ussi un jet de 11.37 m en battant le record paralympique, devant l&rsquo;Alg\u00e9rien Kamel Kardjena (11.34 m) et le [&hellip;]<\/p>\n","protected":false},"author":1763,"featured_media":0,"comment_status":"closed","ping_status":"closed","sticky":false,"template":"","format":"standard","meta":{"fifu_image_url":"","fifu_image_alt":"","footnotes":""},"categories":[78,54],"tags":[],"class_list":["post-126035","post","type-post","status-publish","format-standard","hentry","category-economie","category-maroc"],"_links":{"self":[{"href":"https:\/\/linitiative.ca\/International\/wp-json\/wp\/v2\/posts\/126035","targetHints":{"allow":["GET"]}}],"collection":[{"href":"https:\/\/linitiative.ca\/International\/wp-json\/wp\/v2\/posts"}],"about":[{"href":"https:\/\/linitiative.ca\/International\/wp-json\/wp\/v2\/types\/post"}],"author":[{"embeddable":true,"href":"https:\/\/linitiative.ca\/International\/wp-json\/wp\/v2\/users\/1763"}],"replies":[{"embeddable":true,"href":"https:\/\/linitiative.ca\/International\/wp-json\/wp\/v2\/comments?post=126035"}],"version-history":[{"count":0,"href":"https:\/\/linitiative.ca\/International\/wp-json\/wp\/v2\/posts\/126035\/revisions"}],"wp:attachment":[{"href":"https:\/\/linitiative.ca\/International\/wp-json\/wp\/v2\/media?parent=126035"}],"wp:term":[{"taxonomy":"category","embeddable":true,"href":"https:\/\/linitiative.ca\/International\/wp-json\/wp\/v2\/categories?post=126035"},{"taxonomy":"post_tag","embeddable":true,"href":"https:\/\/linitiative.ca\/International\/wp-json\/wp\/v2\/tags?post=126035"}],"curies":[{"name":"wp","href":"https:\/\/api.w.org\/{rel}","templated":true}]}}