{"id":126037,"date":"2021-09-03T16:31:00","date_gmt":"2021-09-03T20:31:00","guid":{"rendered":"https:\/\/linitiative.ca\/International\/delort-fait-ses-adieux-aux-supporters-de-montpellier\/"},"modified":"2021-09-03T16:31:00","modified_gmt":"2021-09-03T20:31:00","slug":"delort-fait-ses-adieux-aux-supporters-de-montpellier","status":"publish","type":"post","link":"https:\/\/linitiative.ca\/International\/delort-fait-ses-adieux-aux-supporters-de-montpellier\/","title":{"rendered":"Delort fait ses adieux aux supporters de Montpellier"},"content":{"rendered":"<div>Apr\u00e8s trois saisons pass\u00e9es \u00e0 Montpellier, Andy Delort a quitt\u00e9 le MHSC cet \u00e9t\u00e9 pour renforcer les rangs de l&rsquo;OGC Nice<img loading=\"lazy\" decoding=\"async\" src=\"http:\/\/feeds.feedburner.com\/~r\/GalerieFArtciles\/~4\/-hXqjluaeIM\" height=\"1\" width=\"1\" alt=\"\"><\/div>\n<p>Auteur:<br \/>\n<a href=\"http:\/\/www.lebuteur.com\/article\/detail?titre=delort-fait-ses-adieux-aux-supporters-de-montpellier&#038;id=101014&#038;utm_source=feedburner&#038;utm_medium=feed&#038;utm_campaign=Feed%3A+GalerieFArtciles+%28Les+derniers+articles++-+lebuteur.com%29\">Cliquez ici pour lire l&rsquo;article depuis sa source.<\/a><\/p>\n","protected":false},"excerpt":{"rendered":"<p>Apr\u00e8s trois saisons pass\u00e9es \u00e0 Montpellier, Andy Delort a quitt\u00e9 le MHSC cet \u00e9t\u00e9 pour renforcer les rangs de l&rsquo;OGC Nice Auteur: Cliquez ici pour lire l&rsquo;article depuis sa source.<\/p>\n","protected":false},"author":1738,"featured_media":0,"comment_status":"closed","ping_status":"closed","sticky":false,"template":"","format":"standard","meta":{"fifu_image_url":"http:\/\/feeds.feedburner.com\/~r\/GalerieFArtciles\/~4\/-hXqjluaeIM","fifu_image_alt":"Delort fait ses adieux aux supporters de Montpellier","footnotes":""},"categories":[53,75],"tags":[],"class_list":["post-126037","post","type-post","status-publish","format-standard","hentry","category-algerie","category-sport"],"_links":{"self":[{"href":"https:\/\/linitiative.ca\/International\/wp-json\/wp\/v2\/posts\/126037","targetHints":{"allow":["GET"]}}],"collection":[{"href":"https:\/\/linitiative.ca\/International\/wp-json\/wp\/v2\/posts"}],"about":[{"href":"https:\/\/linitiative.ca\/International\/wp-json\/wp\/v2\/types\/post"}],"author":[{"embeddable":true,"href":"https:\/\/linitiative.ca\/International\/wp-json\/wp\/v2\/users\/1738"}],"replies":[{"embeddable":true,"href":"https:\/\/linitiative.ca\/International\/wp-json\/wp\/v2\/comments?post=126037"}],"version-history":[{"count":0,"href":"https:\/\/linitiative.ca\/International\/wp-json\/wp\/v2\/posts\/126037\/revisions"}],"wp:attachment":[{"href":"https:\/\/linitiative.ca\/International\/wp-json\/wp\/v2\/media?parent=126037"}],"wp:term":[{"taxonomy":"category","embeddable":true,"href":"https:\/\/linitiative.ca\/International\/wp-json\/wp\/v2\/categories?post=126037"},{"taxonomy":"post_tag","embeddable":true,"href":"https:\/\/linitiative.ca\/International\/wp-json\/wp\/v2\/tags?post=126037"}],"curies":[{"name":"wp","href":"https:\/\/api.w.org\/{rel}","templated":true}]}}