{"id":126039,"date":"2021-09-04T07:55:00","date_gmt":"2021-09-04T11:55:00","guid":{"rendered":"https:\/\/linitiative.ca\/International\/la-preparation-a-debute-pour-le-match-face-au-burkina-faso\/"},"modified":"2021-09-04T07:55:00","modified_gmt":"2021-09-04T11:55:00","slug":"la-preparation-a-debute-pour-le-match-face-au-burkina-faso","status":"publish","type":"post","link":"https:\/\/linitiative.ca\/International\/la-preparation-a-debute-pour-le-match-face-au-burkina-faso\/","title":{"rendered":"La pr\u00e9paration a d\u00e9but\u00e9 pour le match face au Burkina Faso"},"content":{"rendered":"<div>Apr\u00e8s le match remport\u00e9 face \u00e0 Djibouti, la s\u00e9lection nationale se pr\u00e9pare \u00e0 un d\u00e9placement au Maroc pour affronter le Burkina Faso<img loading=\"lazy\" decoding=\"async\" src=\"http:\/\/feeds.feedburner.com\/~r\/GalerieFArtciles\/~4\/-PHKO4L2XLw\" height=\"1\" width=\"1\" alt=\"\"><\/div>\n<p>Auteur:<br \/>\n<a href=\"http:\/\/www.lebuteur.com\/article\/detail?titre=la-preparation-a-debute-pour-le-match-face-au-burkina-faso&#038;id=101016&#038;utm_source=feedburner&#038;utm_medium=feed&#038;utm_campaign=Feed%3A+GalerieFArtciles+%28Les+derniers+articles++-+lebuteur.com%29\">Cliquez ici pour lire l&rsquo;article depuis sa source.<\/a><\/p>\n","protected":false},"excerpt":{"rendered":"<p>Apr\u00e8s le match remport\u00e9 face \u00e0 Djibouti, la s\u00e9lection nationale se pr\u00e9pare \u00e0 un d\u00e9placement au Maroc pour affronter le Burkina Faso Auteur: Cliquez ici pour lire l&rsquo;article depuis sa source.<\/p>\n","protected":false},"author":1738,"featured_media":0,"comment_status":"closed","ping_status":"closed","sticky":false,"template":"","format":"standard","meta":{"fifu_image_url":"http:\/\/feeds.feedburner.com\/~r\/GalerieFArtciles\/~4\/-PHKO4L2XLw","fifu_image_alt":"La pr\u00e9paration a d\u00e9but\u00e9 pour le match face au Burkina Faso","footnotes":""},"categories":[53,75],"tags":[],"class_list":["post-126039","post","type-post","status-publish","format-standard","hentry","category-algerie","category-sport"],"_links":{"self":[{"href":"https:\/\/linitiative.ca\/International\/wp-json\/wp\/v2\/posts\/126039","targetHints":{"allow":["GET"]}}],"collection":[{"href":"https:\/\/linitiative.ca\/International\/wp-json\/wp\/v2\/posts"}],"about":[{"href":"https:\/\/linitiative.ca\/International\/wp-json\/wp\/v2\/types\/post"}],"author":[{"embeddable":true,"href":"https:\/\/linitiative.ca\/International\/wp-json\/wp\/v2\/users\/1738"}],"replies":[{"embeddable":true,"href":"https:\/\/linitiative.ca\/International\/wp-json\/wp\/v2\/comments?post=126039"}],"version-history":[{"count":0,"href":"https:\/\/linitiative.ca\/International\/wp-json\/wp\/v2\/posts\/126039\/revisions"}],"wp:attachment":[{"href":"https:\/\/linitiative.ca\/International\/wp-json\/wp\/v2\/media?parent=126039"}],"wp:term":[{"taxonomy":"category","embeddable":true,"href":"https:\/\/linitiative.ca\/International\/wp-json\/wp\/v2\/categories?post=126039"},{"taxonomy":"post_tag","embeddable":true,"href":"https:\/\/linitiative.ca\/International\/wp-json\/wp\/v2\/tags?post=126039"}],"curies":[{"name":"wp","href":"https:\/\/api.w.org\/{rel}","templated":true}]}}