{"id":126044,"date":"2021-09-04T06:40:34","date_gmt":"2021-09-04T10:40:34","guid":{"rendered":"https:\/\/linitiative.ca\/International\/debut-aujourdhui-de-la-semaine-de-vaccination-anti-covid-rattraper-le-retard-pour-esperer-eviter-une-autre-vague\/"},"modified":"2021-09-04T06:40:34","modified_gmt":"2021-09-04T10:40:34","slug":"debut-aujourdhui-de-la-semaine-de-vaccination-anti-covid-rattraper-le-retard-pour-esperer-eviter-une-autre-vague","status":"publish","type":"post","link":"https:\/\/linitiative.ca\/International\/debut-aujourdhui-de-la-semaine-de-vaccination-anti-covid-rattraper-le-retard-pour-esperer-eviter-une-autre-vague\/","title":{"rendered":"D\u00e9but aujourd\u2019hui de \u00abla semaine de vaccination anti-Covid\u00bb : Rattraper le retard pour esp\u00e9rer \u00e9viter une autre vague"},"content":{"rendered":"<div>\n<div class=\"sriret\"><img loading=\"lazy\" decoding=\"async\" width=\"800\" height=\"393\" src=\"https:\/\/linitiative.ca\/International\/wp-content\/uploads\/sites\/23\/2021\/09\/gettyimages-1233301556-2048x2048-e1630696859176.jpg\" class=\"attachment-featured_large size-featured_large wp-post-image\" alt=\"\" style=\"margin-bottom: 15px;\"><\/div>\n<p class=\"p1\"><b>U<\/b>ne campagne nationale de vaccination contre la Covid- 19 sera lanc\u00e9e aujourd\u2019hui. Durant une semaine, du 4 au 11 du mois en cours, les autorit\u00e9s vont tenter de vacciner le plus grand nombre de personnes \u00e0 travers le territoire national, avec comme objectif d\u2019atteindre le plus important taux de vaccination, le 11 septembre, appel\u00e9 \u00abthe big day\u00bb.<\/p>\n<p class=\"p1\">Pour ce, les autorit\u00e9s sanitaires ont mobilis\u00e9s beaucoup de moyens. En plus des APW, APC, directions de sant\u00e9 et d\u2019autres administrations concern\u00e9s par l\u2019op\u00e9ration, le ministre de la Sant\u00e9, Abderrahmane Benbouzid, a rencontr\u00e9 durant la semaine qui s\u2019est \u00e9coul\u00e9e plusieurs repr\u00e9sentants d\u2019organisations li\u00e9es au secteur, comme ceux du Syndicat national des praticiens lib\u00e9raux, et ce, afin de les impliquer dans cette op\u00e9ration.<\/p>\n<p>\u00a0<\/p>\n<p>*Retrouvez l\u2019inte\u0301gralite\u0301 de nos articles sur la version papier<\/p>\n<p>L\u2019article <a rel=\"nofollow\" href=\"https:\/\/www.elwatan.com\/a-la-une\/debut-aujourdhui-de-la-semaine-de-vaccination-anti-covid-rattraper-le-retard-pour-esperer-eviter-une-autre-vague-04-09-2021\">D\u00e9but aujourd\u2019hui de \u00abla semaine de vaccination anti-Covid\u00bb : Rattraper le retard pour esp\u00e9rer \u00e9viter une autre vague<\/a> est apparu en premier sur <a rel=\"nofollow\" href=\"https:\/\/www.elwatan.com\/\">El Watan<\/a>.<\/p>\n<\/div>\n<p>Auteur: Hicham Chouadria<br \/>\n<a href=\"https:\/\/www.elwatan.com\/a-la-une\/debut-aujourdhui-de-la-semaine-de-vaccination-anti-covid-rattraper-le-retard-pour-esperer-eviter-une-autre-vague-04-09-2021\">Cliquez ici pour lire l&rsquo;article depuis sa source.<\/a><\/p>\n","protected":false},"excerpt":{"rendered":"<p>Une campagne nationale de vaccination contre la Covid- 19 sera lanc\u00e9e aujourd\u2019hui. Durant une semaine, du 4 au 11 du mois en cours, les autorit\u00e9s vont tenter de vacciner le plus grand nombre de personnes \u00e0 travers le territoire national, avec comme objectif d\u2019atteindre le plus important taux de vaccination, le 11 septembre, appel\u00e9 \u00abthe [&hellip;]<\/p>\n","protected":false},"author":1743,"featured_media":0,"comment_status":"closed","ping_status":"closed","sticky":false,"template":"","format":"standard","meta":{"fifu_image_url":"https:\/\/www.elwatan.com\/wp-content\/uploads\/2021\/07\/gettyimages-1233301556-2048x2048-e1630696859176.jpg","fifu_image_alt":"D\u00e9but aujourd\u2019hui de \u00abla semaine de vaccination anti-Covid\u00bb : Rattraper le retard pour esp\u00e9rer \u00e9viter une autre vague","footnotes":""},"categories":[73,53],"tags":[],"class_list":["post-126044","post","type-post","status-publish","format-standard","hentry","category-actualite","category-algerie"],"_links":{"self":[{"href":"https:\/\/linitiative.ca\/International\/wp-json\/wp\/v2\/posts\/126044","targetHints":{"allow":["GET"]}}],"collection":[{"href":"https:\/\/linitiative.ca\/International\/wp-json\/wp\/v2\/posts"}],"about":[{"href":"https:\/\/linitiative.ca\/International\/wp-json\/wp\/v2\/types\/post"}],"author":[{"embeddable":true,"href":"https:\/\/linitiative.ca\/International\/wp-json\/wp\/v2\/users\/1743"}],"replies":[{"embeddable":true,"href":"https:\/\/linitiative.ca\/International\/wp-json\/wp\/v2\/comments?post=126044"}],"version-history":[{"count":0,"href":"https:\/\/linitiative.ca\/International\/wp-json\/wp\/v2\/posts\/126044\/revisions"}],"wp:attachment":[{"href":"https:\/\/linitiative.ca\/International\/wp-json\/wp\/v2\/media?parent=126044"}],"wp:term":[{"taxonomy":"category","embeddable":true,"href":"https:\/\/linitiative.ca\/International\/wp-json\/wp\/v2\/categories?post=126044"},{"taxonomy":"post_tag","embeddable":true,"href":"https:\/\/linitiative.ca\/International\/wp-json\/wp\/v2\/tags?post=126044"}],"curies":[{"name":"wp","href":"https:\/\/api.w.org\/{rel}","templated":true}]}}