{"id":126046,"date":"2021-09-04T09:12:22","date_gmt":"2021-09-04T13:12:22","guid":{"rendered":"https:\/\/linitiative.ca\/International\/les-nouvelles-dispositions-de-la-loi-relative-a-la-commune-publiees-au-journal-officiel\/"},"modified":"2021-09-04T09:12:22","modified_gmt":"2021-09-04T13:12:22","slug":"les-nouvelles-dispositions-de-la-loi-relative-a-la-commune-publiees-au-journal-officiel","status":"publish","type":"post","link":"https:\/\/linitiative.ca\/International\/les-nouvelles-dispositions-de-la-loi-relative-a-la-commune-publiees-au-journal-officiel\/","title":{"rendered":"Les nouvelles dispositions de la loi relative \u00e0 la commune publi\u00e9es au Journal officiel"},"content":{"rendered":"<div>\n<div class=\"sriret\"><img decoding=\"async\" src=\"https:\/\/linitiative.ca\/International\/wp-content\/uploads\/sites\/23\/2021\/09\/default-picture-709x366_c-7.jpg\"><\/div>\n<p>Une ordonnance modifiant et compl\u00e9tant certaines dispositions de la loi 11-10 du 22 juin 2011 relative \u00e0 la commune a \u00e9t\u00e9 publi\u00e9e au dernier num\u00e9ro du Journal officiel en pr\u00e9vision des \u00e9lections locales (APC\/APW), pr\u00e9vues le 27 novembre prochain.<\/p>\n<p>Ainsi, l\u2019article 64 de cette ordonnance stipule que \u00ab\u00a0dans les huit (8)\u00a0\u00a0 jours qui suivent la proclamation d\u00e9finitive des r\u00e9sultats des \u00e9lections, les \u00e9lus sont convi\u00e9s par le wali pour l\u2019installation de l\u2019Assembl\u00e9e populaire communale\u00a0\u00bb. L\u2019article 64 bis de cette ordonnance pr\u00e9voit que \u00ab\u00a0dans les cinq (5) jours qui suivent son installation, et sous la pr\u00e9sidence du doyen d\u2019\u00e2ge des \u00e9lus, l\u2019assembl\u00e9e proc\u00e8de \u00e0 l\u2019\u00e9lection du pr\u00e9sident de l\u2019Assembl\u00e9e populaire communale\u00a0\u00bb. A cet effet, \u00ab\u00a0un bureau provisoire est mis en place pour superviser l\u2019\u00e9lection. Il est constitu\u00e9 de l\u2019\u00e9lu le plus \u00e2g\u00e9, assist\u00e9 des deux (2) plus jeunes \u00e9lus. Ils ne doivent pas \u00eatre candidats\u00a0\u00bb. Ce bureau provisoire \u00ab\u00a0re\u00e7oit les candidatures \u00e0 l\u2019\u00e9lection du pr\u00e9sident et \u00e9tablit la liste des candidatures\u00a0\u00bb. L\u2019article 65 de cette ordonnance stipule que \u00ab\u00a0le candidat \u00e0 l\u2019\u00e9lection \u00e0 la pr\u00e9sidence de l\u2019Assembl\u00e9e populaire communale, est pr\u00e9sent\u00e9 parmi la liste ayant obtenu la majorit\u00e9 absolue des si\u00e8ges\u00a0\u00bb. \u00ab\u00a0Dans le cas o\u00f9 aucune liste n\u2019a obtenu la majorit\u00e9 absolue des si\u00e8ges, les deux (2) listes ayant obtenu 35%, au moins, des si\u00e8ges peuvent pr\u00e9senter un candidat\u00a0\u00bb, souligne-t-on. Toutefois, \u00ab\u00a0dans le cas o\u00f9 aucune des listes n\u2019a obtenu les 35%, au moins, des si\u00e8ges, toutes les listes peuvent pr\u00e9senter, chacune, un candidat. L\u2019\u00e9lection a lieu \u00e0 bulletin secret. Est d\u00e9clar\u00e9 pr\u00e9sident de l\u2019Assembl\u00e9e\u00a0\u00a0 populaire communale le candidat ayant obtenu la majorit\u00e9 absolue des voix\u00a0\u00bb, pr\u00e9voit l\u2019article 65 de la nouvelle ordonnance. En outre, \u00ab\u00a0si aucun candidat n\u2019obtient la majorit\u00e9 absolue des voix, un deuxi\u00e8me tour a\u00a0\u00a0 lieu entre les deux (2) candidats ayant \u00e9t\u00e9 class\u00e9s premier et deuxi\u00e8me. Est d\u00e9clar\u00e9 \u00e9lu le candidat ayant obtenu la majorit\u00e9 des voix\u00a0\u00bb. Mais, \u00ab\u00a0en cas d\u2019\u00e9galit\u00e9 des suffrages, est d\u00e9clar\u00e9 \u00e9lu le candidat le plus \u00e2g\u00e9\u00a0\u00bb.<\/p>\n<p>L\u2019article <a rel=\"nofollow\" href=\"https:\/\/www.elwatan.com\/edition\/actualite\/les-nouvelles-dispositions-de-la-loi-relative-a-la-commune-publiees-au-journal-officiel-04-09-2021\">Les nouvelles dispositions de la loi relative \u00e0 la commune publi\u00e9es au Journal officiel<\/a> est apparu en premier sur <a rel=\"nofollow\" href=\"https:\/\/www.elwatan.com\/\">El Watan<\/a>.<\/p>\n<\/div>\n<p>Auteur: Abdelghani Aichoun<br \/>\n<a href=\"https:\/\/www.elwatan.com\/edition\/actualite\/les-nouvelles-dispositions-de-la-loi-relative-a-la-commune-publiees-au-journal-officiel-04-09-2021\">Cliquez ici pour lire l&rsquo;article depuis sa source.<\/a><\/p>\n","protected":false},"excerpt":{"rendered":"<p>Une ordonnance modifiant et compl\u00e9tant certaines dispositions de la loi 11-10 du 22 juin 2011 relative \u00e0 la commune a \u00e9t\u00e9 publi\u00e9e au dernier num\u00e9ro du Journal officiel en pr\u00e9vision des \u00e9lections locales (APC\/APW), pr\u00e9vues le 27 novembre prochain. Ainsi, l\u2019article 64 de cette ordonnance stipule que \u00ab\u00a0dans les huit (8)\u00a0\u00a0 jours qui suivent la [&hellip;]<\/p>\n","protected":false},"author":1743,"featured_media":0,"comment_status":"closed","ping_status":"closed","sticky":false,"template":"","format":"standard","meta":{"fifu_image_url":"https:\/\/www.elwatan.com\/wp-content\/themes\/spectr\/img\/default-picture-709x366_c.jpg","fifu_image_alt":"Les nouvelles dispositions de la loi relative \u00e0 la commune publi\u00e9es au Journal officiel","footnotes":""},"categories":[73,53],"tags":[],"class_list":["post-126046","post","type-post","status-publish","format-standard","hentry","category-actualite","category-algerie"],"_links":{"self":[{"href":"https:\/\/linitiative.ca\/International\/wp-json\/wp\/v2\/posts\/126046","targetHints":{"allow":["GET"]}}],"collection":[{"href":"https:\/\/linitiative.ca\/International\/wp-json\/wp\/v2\/posts"}],"about":[{"href":"https:\/\/linitiative.ca\/International\/wp-json\/wp\/v2\/types\/post"}],"author":[{"embeddable":true,"href":"https:\/\/linitiative.ca\/International\/wp-json\/wp\/v2\/users\/1743"}],"replies":[{"embeddable":true,"href":"https:\/\/linitiative.ca\/International\/wp-json\/wp\/v2\/comments?post=126046"}],"version-history":[{"count":0,"href":"https:\/\/linitiative.ca\/International\/wp-json\/wp\/v2\/posts\/126046\/revisions"}],"wp:attachment":[{"href":"https:\/\/linitiative.ca\/International\/wp-json\/wp\/v2\/media?parent=126046"}],"wp:term":[{"taxonomy":"category","embeddable":true,"href":"https:\/\/linitiative.ca\/International\/wp-json\/wp\/v2\/categories?post=126046"},{"taxonomy":"post_tag","embeddable":true,"href":"https:\/\/linitiative.ca\/International\/wp-json\/wp\/v2\/tags?post=126046"}],"curies":[{"name":"wp","href":"https:\/\/api.w.org\/{rel}","templated":true}]}}