{"id":126048,"date":"2021-09-04T11:27:16","date_gmt":"2021-09-04T15:27:16","guid":{"rendered":"https:\/\/linitiative.ca\/International\/victimes-des-incendies-gala-de-solidarite-a-paris\/"},"modified":"2021-09-04T11:27:16","modified_gmt":"2021-09-04T15:27:16","slug":"victimes-des-incendies-gala-de-solidarite-a-paris","status":"publish","type":"post","link":"https:\/\/linitiative.ca\/International\/victimes-des-incendies-gala-de-solidarite-a-paris\/","title":{"rendered":"Victimes des incendies  : Gala de solidarit\u00e9 \u00e0 Paris"},"content":{"rendered":"<div>\n<div class=\"sriret\"><img decoding=\"async\" src=\"https:\/\/linitiative.ca\/International\/wp-content\/uploads\/sites\/23\/2021\/09\/default-picture-709x366_c-8.jpg\"><\/div>\n<p><strong>Dans le but de venir en aide aux wilayas de Bejaia et Tizi Ouzou ravag\u00e9es le mois d\u2019ao\u00fbt dernier par les incendies, le Cabaret sauvage, salle de spectacle parisienne, organise samedi 4 et dimanche 5 septembre un concert de soutien en faveur des villages br\u00fbl\u00e9s par les flammes. <\/strong><\/p>\n<p>Plusieurs artistes ont accept\u00e9 de chanter gracieusement durant ces deux soir\u00e9es. La recette r\u00e9colt\u00e9e ira directement aux familles victimes. Parmi les artistes qui ont accept\u00e9 de participer, on trouve l\u2019habituel Akli D, Ali Amrane, l\u2019orchestre <em>\u00ab\u00a0ne me lib\u00e9rez pas, je m\u2019en charge<\/em>\u00a0\u00bb qui compte en son sein plusieurs autres artistes et musiciens et plusieurs autres artistes b\u00e9n\u00e9voles. L\u2019id\u00e9e est venue de Meziane Aza\u00eeche, directeur du Cabaret sauvage. Dans un \u00e9lan de solidarit\u00e9 spontan\u00e9, il a trouv\u00e9 dans la musique le moyen d\u2019aider les victimes des nombreux villages devenus cendres apr\u00e8s le passage des feux. En plus des sommes r\u00e9colt\u00e9es par la vente exclusive de la billetterie (10 euros l\u2019entr\u00e9e), d\u2019autres types de ventes (th\u00e9 \u00e0 la menthe et p\u00e2tisseries\u2026) seront mises en place dans le but d\u2019engranger le maximum de moyens financiers.<\/p>\n<p>Selon Meziane Azaiche, les sommes r\u00e9colt\u00e9es lors des deux soir\u00e9es seront confi\u00e9es dans un premier temps \u00e0 un groupe de trois personnes, dont un parent \u00e0 lui vivant au village de Tala Bouzrou. C\u2019est ce groupe de trois personnes qui se chargera ensuite de les remettre aux familles les plus touch\u00e9es par le feu au niveau de toute la r\u00e9gion. A noter que d\u2019autres initiatives de ce type seront \u00e9galement organis\u00e9es par le Cabaret sauvage dans l\u2019avenir.<\/p>\n<p>\u00a0<\/p>\n<p>\u00a0<\/p>\n<p>L\u2019article <a rel=\"nofollow\" href=\"https:\/\/www.elwatan.com\/edition\/culture\/victimes-des-incendies-gala-de-solidarite-a-paris-04-09-2021\">Victimes des incendies  : Gala de solidarit\u00e9 \u00e0 Paris<\/a> est apparu en premier sur <a rel=\"nofollow\" href=\"https:\/\/www.elwatan.com\/\">El Watan<\/a>.<\/p>\n<\/div>\n<p>Auteur: Abdelghani Aichoun<br \/>\n<a href=\"https:\/\/www.elwatan.com\/edition\/culture\/victimes-des-incendies-gala-de-solidarite-a-paris-04-09-2021\">Cliquez ici pour lire l&rsquo;article depuis sa source.<\/a><\/p>\n","protected":false},"excerpt":{"rendered":"<p>Dans le but de venir en aide aux wilayas de Bejaia et Tizi Ouzou ravag\u00e9es le mois d\u2019ao\u00fbt dernier par les incendies, le Cabaret sauvage, salle de spectacle parisienne, organise samedi 4 et dimanche 5 septembre un concert de soutien en faveur des villages br\u00fbl\u00e9s par les flammes. Plusieurs artistes ont accept\u00e9 de chanter gracieusement [&hellip;]<\/p>\n","protected":false},"author":1743,"featured_media":0,"comment_status":"closed","ping_status":"closed","sticky":false,"template":"","format":"standard","meta":{"fifu_image_url":"https:\/\/www.elwatan.com\/wp-content\/themes\/spectr\/img\/default-picture-709x366_c.jpg","fifu_image_alt":"Victimes des incendies  : Gala de solidarit\u00e9 \u00e0 Paris","footnotes":""},"categories":[73,53],"tags":[],"class_list":["post-126048","post","type-post","status-publish","format-standard","hentry","category-actualite","category-algerie"],"_links":{"self":[{"href":"https:\/\/linitiative.ca\/International\/wp-json\/wp\/v2\/posts\/126048","targetHints":{"allow":["GET"]}}],"collection":[{"href":"https:\/\/linitiative.ca\/International\/wp-json\/wp\/v2\/posts"}],"about":[{"href":"https:\/\/linitiative.ca\/International\/wp-json\/wp\/v2\/types\/post"}],"author":[{"embeddable":true,"href":"https:\/\/linitiative.ca\/International\/wp-json\/wp\/v2\/users\/1743"}],"replies":[{"embeddable":true,"href":"https:\/\/linitiative.ca\/International\/wp-json\/wp\/v2\/comments?post=126048"}],"version-history":[{"count":0,"href":"https:\/\/linitiative.ca\/International\/wp-json\/wp\/v2\/posts\/126048\/revisions"}],"wp:attachment":[{"href":"https:\/\/linitiative.ca\/International\/wp-json\/wp\/v2\/media?parent=126048"}],"wp:term":[{"taxonomy":"category","embeddable":true,"href":"https:\/\/linitiative.ca\/International\/wp-json\/wp\/v2\/categories?post=126048"},{"taxonomy":"post_tag","embeddable":true,"href":"https:\/\/linitiative.ca\/International\/wp-json\/wp\/v2\/tags?post=126048"}],"curies":[{"name":"wp","href":"https:\/\/api.w.org\/{rel}","templated":true}]}}