{"id":126050,"date":"2021-09-04T05:54:00","date_gmt":"2021-09-04T09:54:00","guid":{"rendered":"https:\/\/linitiative.ca\/International\/latb-soutient-la-6eme-edition-de-djerba-music-land\/"},"modified":"2021-09-04T05:54:00","modified_gmt":"2021-09-04T09:54:00","slug":"latb-soutient-la-6eme-edition-de-djerba-music-land","status":"publish","type":"post","link":"https:\/\/linitiative.ca\/International\/latb-soutient-la-6eme-edition-de-djerba-music-land\/","title":{"rendered":"L\u2019ATB soutient la 6\u00e8me \u00e9dition de Djerba Music Land"},"content":{"rendered":"<div><img decoding=\"async\" src=\"https:\/\/linitiative.ca\/International\/wp-content\/uploads\/sites\/23\/2021\/09\/1630747374_article.jpg\" alt=\"L\u2019ATB soutient la 6\u00e8me \u00e9dition de Djerba Music Land\" align=\"left\">L\u2019ATB r\u00e9it\u00e8re son engagement pour soutenir, Djerba Music Land, l\u2019\u00e9v\u00e9nement culturel phare de l\u2019\u00eele des r\u00eaves. L\u2019\u00e9v\u00e9nement, tant attendu aussi bien par les habitants de l\u2019\u00eele que par ses propres habitu\u00e9s, se d\u00e9roulera du 2 au 5 septembre et verra se produire des artistes d\u2019envergure internationale mondialement connus, comme : Bedouin, Aly &amp; Fila, Giorgia Angiuli, Lehar, Daniel Rateuke, Magdalena, Ralph, The Mekanism, Manda Moor&#8230;<\/p>\n<p>Une bouff\u00e9e d\u2019air frais et une lueur d\u2019espoir dans cette conjoncture \u00e9conomique morose et difficile. L\u2019ATB s\u2019y investit comme \u00e0 son habitude, consciente de son r\u00f4le citoyen et de l\u2019importance de ce type d\u2019\u00e9v\u00e9nements &#8230;<\/p>\n<\/div>\n<p>Auteur:<br \/>\n<a href=\"https:\/\/www.leaders.com.tn\/article\/32362-l-atb-soutient-la-6eme-edition-de-djerba-music-land\">Cliquez ici pour lire l&rsquo;article depuis sa source.<\/a><\/p>\n","protected":false},"excerpt":{"rendered":"<p>L\u2019ATB r\u00e9it\u00e8re son engagement pour soutenir, Djerba Music Land, l\u2019\u00e9v\u00e9nement culturel phare de l\u2019\u00eele des r\u00eaves. L\u2019\u00e9v\u00e9nement, tant attendu aussi bien par les habitants de l\u2019\u00eele que par ses propres habitu\u00e9s, se d\u00e9roulera du 2 au 5 septembre et verra se produire des artistes d\u2019envergure internationale mondialement connus, comme : Bedouin, Aly &amp; Fila, Giorgia [&hellip;]<\/p>\n","protected":false},"author":1772,"featured_media":0,"comment_status":"closed","ping_status":"closed","sticky":false,"template":"","format":"standard","meta":{"fifu_image_url":"http:\/\/www.leaders.com.tn\/uploads\/content\/thumbnails_small\/1630747374_article.jpg","fifu_image_alt":"L\u2019ATB soutient la 6\u00e8me \u00e9dition de Djerba Music Land","footnotes":""},"categories":[73,55],"tags":[],"class_list":["post-126050","post","type-post","status-publish","format-standard","hentry","category-actualite","category-tunisie"],"_links":{"self":[{"href":"https:\/\/linitiative.ca\/International\/wp-json\/wp\/v2\/posts\/126050","targetHints":{"allow":["GET"]}}],"collection":[{"href":"https:\/\/linitiative.ca\/International\/wp-json\/wp\/v2\/posts"}],"about":[{"href":"https:\/\/linitiative.ca\/International\/wp-json\/wp\/v2\/types\/post"}],"author":[{"embeddable":true,"href":"https:\/\/linitiative.ca\/International\/wp-json\/wp\/v2\/users\/1772"}],"replies":[{"embeddable":true,"href":"https:\/\/linitiative.ca\/International\/wp-json\/wp\/v2\/comments?post=126050"}],"version-history":[{"count":0,"href":"https:\/\/linitiative.ca\/International\/wp-json\/wp\/v2\/posts\/126050\/revisions"}],"wp:attachment":[{"href":"https:\/\/linitiative.ca\/International\/wp-json\/wp\/v2\/media?parent=126050"}],"wp:term":[{"taxonomy":"category","embeddable":true,"href":"https:\/\/linitiative.ca\/International\/wp-json\/wp\/v2\/categories?post=126050"},{"taxonomy":"post_tag","embeddable":true,"href":"https:\/\/linitiative.ca\/International\/wp-json\/wp\/v2\/tags?post=126050"}],"curies":[{"name":"wp","href":"https:\/\/api.w.org\/{rel}","templated":true}]}}