{"id":126052,"date":"2021-09-04T05:59:00","date_gmt":"2021-09-04T09:59:00","guid":{"rendered":"https:\/\/linitiative.ca\/International\/retour-de-gustave-flaubert-en-tunisie-en-2021\/"},"modified":"2021-09-04T05:59:00","modified_gmt":"2021-09-04T09:59:00","slug":"retour-de-gustave-flaubert-en-tunisie-en-2021","status":"publish","type":"post","link":"https:\/\/linitiative.ca\/International\/retour-de-gustave-flaubert-en-tunisie-en-2021\/","title":{"rendered":"Retour de Gustave Flaubert en Tunisie en 2021"},"content":{"rendered":"<div><img decoding=\"async\" src=\"https:\/\/linitiative.ca\/International\/wp-content\/uploads\/sites\/23\/2021\/09\/1630746919_article.jpg\" alt=\"Retour de Gustave Flaubert en Tunisie en 2021 \" align=\"left\">Par Arsel\u00e8ne Ben Farhat &#8211; Flaubert arrive \u00e0 Tunis le samedi 24 avril 1858. Son but est de d\u00e9couvrir l\u2019univers o\u00f9 vont se d\u00e9rouler les \u00e9v\u00e9nements de son roman Salammb\u00f4 et de s\u2019impr\u00e9gner de l\u2019espace de Carthage et de son histoire. Pendant tout son voyage, il va tenir, comme tous les \u00e9crivains voyageurs de son \u00e9poque, un carnet o\u00f9 il note les spectacles qui s\u2019offrent \u00e0 son regard sans tenter de les expliquer et nous fournit du coup de riches images de la Tunisie du XIX\u00e8me si\u00e8cle. Il \u00e9crit dans une lettre adress\u00e9e \u00e0 Mademoiselle Leroyer de Chantepie le 23 janvier 1858 avant de partir en Tunisie : \u00abVers la fin de mars, je retournerai au pays des dattes. J&rsquo;en suis tout &#8230;<\/p>\n<\/div>\n<p>Auteur:<br \/>\n<a href=\"https:\/\/www.leaders.com.tn\/article\/32363-retour-de-gustave-flaubert-en-tunisie-en-2021\">Cliquez ici pour lire l&rsquo;article depuis sa source.<\/a><\/p>\n","protected":false},"excerpt":{"rendered":"<p>Par Arsel\u00e8ne Ben Farhat &#8211; Flaubert arrive \u00e0 Tunis le samedi 24 avril 1858. Son but est de d\u00e9couvrir l\u2019univers o\u00f9 vont se d\u00e9rouler les \u00e9v\u00e9nements de son roman Salammb\u00f4 et de s\u2019impr\u00e9gner de l\u2019espace de Carthage et de son histoire. Pendant tout son voyage, il va tenir, comme tous les \u00e9crivains voyageurs de son [&hellip;]<\/p>\n","protected":false},"author":1772,"featured_media":0,"comment_status":"closed","ping_status":"closed","sticky":false,"template":"","format":"standard","meta":{"fifu_image_url":"http:\/\/www.leaders.com.tn\/uploads\/content\/thumbnails_small\/1630746919_article.jpg","fifu_image_alt":"Retour de Gustave Flaubert en Tunisie en 2021","footnotes":""},"categories":[73,55],"tags":[],"class_list":["post-126052","post","type-post","status-publish","format-standard","hentry","category-actualite","category-tunisie"],"_links":{"self":[{"href":"https:\/\/linitiative.ca\/International\/wp-json\/wp\/v2\/posts\/126052","targetHints":{"allow":["GET"]}}],"collection":[{"href":"https:\/\/linitiative.ca\/International\/wp-json\/wp\/v2\/posts"}],"about":[{"href":"https:\/\/linitiative.ca\/International\/wp-json\/wp\/v2\/types\/post"}],"author":[{"embeddable":true,"href":"https:\/\/linitiative.ca\/International\/wp-json\/wp\/v2\/users\/1772"}],"replies":[{"embeddable":true,"href":"https:\/\/linitiative.ca\/International\/wp-json\/wp\/v2\/comments?post=126052"}],"version-history":[{"count":0,"href":"https:\/\/linitiative.ca\/International\/wp-json\/wp\/v2\/posts\/126052\/revisions"}],"wp:attachment":[{"href":"https:\/\/linitiative.ca\/International\/wp-json\/wp\/v2\/media?parent=126052"}],"wp:term":[{"taxonomy":"category","embeddable":true,"href":"https:\/\/linitiative.ca\/International\/wp-json\/wp\/v2\/categories?post=126052"},{"taxonomy":"post_tag","embeddable":true,"href":"https:\/\/linitiative.ca\/International\/wp-json\/wp\/v2\/tags?post=126052"}],"curies":[{"name":"wp","href":"https:\/\/api.w.org\/{rel}","templated":true}]}}