{"id":126055,"date":"2021-09-04T06:00:00","date_gmt":"2021-09-04T10:00:00","guid":{"rendered":"https:\/\/linitiative.ca\/International\/parlement-epitre-pour-evoquer-20-annees-dimposture\/"},"modified":"2021-09-04T06:00:00","modified_gmt":"2021-09-04T10:00:00","slug":"parlement-epitre-pour-evoquer-20-annees-dimposture","status":"publish","type":"post","link":"https:\/\/linitiative.ca\/International\/parlement-epitre-pour-evoquer-20-annees-dimposture\/","title":{"rendered":"Parlement : \u00e9p\u00eetre pour \u00e9voquer 20 ann\u00e9es d\u2019imposture"},"content":{"rendered":"<div>\u00abPour nous, l\u2019instauration de la d\u00e9mocratie pluraliste et repr\u00e9sentative n\u2019est pas une<\/div>\n<p>Auteur:<br \/>\n<a href=\"https:\/\/www.lesoirdalgerie.com\/lettre-de-province\/parlement-epitre-pour-evoquer-20-annees-dimposture-66927\">Cliquez ici pour lire l&rsquo;article depuis sa source.<\/a><\/p>\n","protected":false},"excerpt":{"rendered":"<p>\u00abPour nous, l\u2019instauration de la d\u00e9mocratie pluraliste et repr\u00e9sentative n\u2019est pas une Auteur: Cliquez ici pour lire l&rsquo;article depuis sa source.<\/p>\n","protected":false},"author":1741,"featured_media":0,"comment_status":"closed","ping_status":"closed","sticky":false,"template":"","format":"standard","meta":{"fifu_image_url":"","fifu_image_alt":"","footnotes":""},"categories":[73,53],"tags":[],"class_list":["post-126055","post","type-post","status-publish","format-standard","hentry","category-actualite","category-algerie"],"_links":{"self":[{"href":"https:\/\/linitiative.ca\/International\/wp-json\/wp\/v2\/posts\/126055","targetHints":{"allow":["GET"]}}],"collection":[{"href":"https:\/\/linitiative.ca\/International\/wp-json\/wp\/v2\/posts"}],"about":[{"href":"https:\/\/linitiative.ca\/International\/wp-json\/wp\/v2\/types\/post"}],"author":[{"embeddable":true,"href":"https:\/\/linitiative.ca\/International\/wp-json\/wp\/v2\/users\/1741"}],"replies":[{"embeddable":true,"href":"https:\/\/linitiative.ca\/International\/wp-json\/wp\/v2\/comments?post=126055"}],"version-history":[{"count":0,"href":"https:\/\/linitiative.ca\/International\/wp-json\/wp\/v2\/posts\/126055\/revisions"}],"wp:attachment":[{"href":"https:\/\/linitiative.ca\/International\/wp-json\/wp\/v2\/media?parent=126055"}],"wp:term":[{"taxonomy":"category","embeddable":true,"href":"https:\/\/linitiative.ca\/International\/wp-json\/wp\/v2\/categories?post=126055"},{"taxonomy":"post_tag","embeddable":true,"href":"https:\/\/linitiative.ca\/International\/wp-json\/wp\/v2\/tags?post=126055"}],"curies":[{"name":"wp","href":"https:\/\/api.w.org\/{rel}","templated":true}]}}