{"id":126059,"date":"2021-09-04T11:36:26","date_gmt":"2021-09-04T15:36:26","guid":{"rendered":"https:\/\/linitiative.ca\/International\/maroc-la-rentree-scolaire-des-ecoles-de-la-mission-francaise-a-nouveau-reportee\/"},"modified":"2021-09-04T11:36:26","modified_gmt":"2021-09-04T15:36:26","slug":"maroc-la-rentree-scolaire-des-ecoles-de-la-mission-francaise-a-nouveau-reportee","status":"publish","type":"post","link":"https:\/\/linitiative.ca\/International\/maroc-la-rentree-scolaire-des-ecoles-de-la-mission-francaise-a-nouveau-reportee\/","title":{"rendered":"Maroc. La rentr\u00e9e scolaire des \u00e9coles de la mission fran\u00e7aise \u00e0 nouveau report\u00e9e"},"content":{"rendered":"<div><img decoding=\"async\" width=\"1620\" height=\"600\" src=\"https:\/\/linitiative.ca\/International\/wp-content\/uploads\/sites\/23\/2021\/09\/lycee-lyautey-1.jpg\" class=\"attachment-post-thumbnail size-post-thumbnail wp-post-image\" alt=\"\" loading=\"lazy\" srcset=\"https:\/\/linitiative.ca\/International\/wp-content\/uploads\/sites\/23\/2021\/09\/lycee-lyautey-1.jpg 1620w, https:\/\/www.challenge.ma\/wp-content\/uploads\/2021\/09\/lycee-lyautey-1-300x111.jpg 300w, https:\/\/www.challenge.ma\/wp-content\/uploads\/2021\/09\/lycee-lyautey-1-1024x379.jpg 1024w, https:\/\/www.challenge.ma\/wp-content\/uploads\/2021\/09\/lycee-lyautey-1-768x284.jpg 768w, https:\/\/www.challenge.ma\/wp-content\/uploads\/2021\/09\/lycee-lyautey-1-1536x569.jpg 1536w, https:\/\/www.challenge.ma\/wp-content\/uploads\/2021\/09\/lycee-lyautey-1-360x133.jpg 360w, https:\/\/www.challenge.ma\/wp-content\/uploads\/2021\/09\/lycee-lyautey-1-750x278.jpg 750w\" sizes=\"auto, (max-width: 1620px) 100vw, 1620px\" itemprop=\"image\">Les \u00e9coles de la mission fran\u00e7aise viennent \u00e0 nouveau de reporter leur rentr\u00e9e au vendredi 10 Septembre. A la demande des autorit\u00e9s marocaines, la rentr\u00e9e des \u00e9l\u00e8ves dans les \u00e9tablissements du r\u00e9seau scolaire fran\u00e7ais au Maroc est finalement report\u00e9e au vendredi 10 septembre. Le Service de Coop\u00e9ration et d\u2019Action Culturelle<\/div>\n<p>Auteur: challenge<br \/>\n<a href=\"https:\/\/www.challenge.ma\/maroc-la-rentree-scolaire-des-ecoles-de-la-mission-francaise-a-nouveau-reportee-197458\/\">Cliquez ici pour lire l&rsquo;article depuis sa source.<\/a><\/p>\n","protected":false},"excerpt":{"rendered":"<p>Les \u00e9coles de la mission fran\u00e7aise viennent \u00e0 nouveau de reporter leur rentr\u00e9e au vendredi 10 Septembre. A la demande des autorit\u00e9s marocaines, la rentr\u00e9e des \u00e9l\u00e8ves dans les \u00e9tablissements du r\u00e9seau scolaire fran\u00e7ais au Maroc est finalement report\u00e9e au vendredi 10 septembre. Le Service de Coop\u00e9ration et d\u2019Action Culturelle Auteur: challenge Cliquez ici pour [&hellip;]<\/p>\n","protected":false},"author":1787,"featured_media":0,"comment_status":"closed","ping_status":"closed","sticky":false,"template":"","format":"standard","meta":{"fifu_image_url":"https:\/\/www.challenge.ma\/wp-content\/uploads\/2021\/09\/lycee-lyautey-1.jpg","fifu_image_alt":"Maroc. La rentr\u00e9e scolaire des \u00e9coles de la mission fran\u00e7aise \u00e0 nouveau report\u00e9e","footnotes":""},"categories":[78,54],"tags":[],"class_list":["post-126059","post","type-post","status-publish","format-standard","hentry","category-economie","category-maroc"],"_links":{"self":[{"href":"https:\/\/linitiative.ca\/International\/wp-json\/wp\/v2\/posts\/126059","targetHints":{"allow":["GET"]}}],"collection":[{"href":"https:\/\/linitiative.ca\/International\/wp-json\/wp\/v2\/posts"}],"about":[{"href":"https:\/\/linitiative.ca\/International\/wp-json\/wp\/v2\/types\/post"}],"author":[{"embeddable":true,"href":"https:\/\/linitiative.ca\/International\/wp-json\/wp\/v2\/users\/1787"}],"replies":[{"embeddable":true,"href":"https:\/\/linitiative.ca\/International\/wp-json\/wp\/v2\/comments?post=126059"}],"version-history":[{"count":0,"href":"https:\/\/linitiative.ca\/International\/wp-json\/wp\/v2\/posts\/126059\/revisions"}],"wp:attachment":[{"href":"https:\/\/linitiative.ca\/International\/wp-json\/wp\/v2\/media?parent=126059"}],"wp:term":[{"taxonomy":"category","embeddable":true,"href":"https:\/\/linitiative.ca\/International\/wp-json\/wp\/v2\/categories?post=126059"},{"taxonomy":"post_tag","embeddable":true,"href":"https:\/\/linitiative.ca\/International\/wp-json\/wp\/v2\/tags?post=126059"}],"curies":[{"name":"wp","href":"https:\/\/api.w.org\/{rel}","templated":true}]}}