{"id":126061,"date":"2021-09-04T14:11:38","date_gmt":"2021-09-04T18:11:38","guid":{"rendered":"https:\/\/linitiative.ca\/International\/jeux-paralympiques-le-maroc-soffre-deux-nouvelles-medailles-dor\/"},"modified":"2021-09-04T14:11:38","modified_gmt":"2021-09-04T18:11:38","slug":"jeux-paralympiques-le-maroc-soffre-deux-nouvelles-medailles-dor","status":"publish","type":"post","link":"https:\/\/linitiative.ca\/International\/jeux-paralympiques-le-maroc-soffre-deux-nouvelles-medailles-dor\/","title":{"rendered":"Jeux paralympiques. Le Maroc s\u2019offre deux nouvelles m\u00e9dailles d\u2019or"},"content":{"rendered":"<div><img decoding=\"async\" width=\"681\" height=\"538\" src=\"https:\/\/linitiative.ca\/International\/wp-content\/uploads\/sites\/23\/2021\/09\/photo-2.jpg\" class=\"attachment-post-thumbnail size-post-thumbnail wp-post-image\" alt=\"\" loading=\"lazy\" srcset=\"https:\/\/linitiative.ca\/International\/wp-content\/uploads\/sites\/23\/2021\/09\/photo-2.jpg 681w, https:\/\/www.challenge.ma\/wp-content\/uploads\/2021\/09\/photo-2-300x237.jpg 300w, https:\/\/www.challenge.ma\/wp-content\/uploads\/2021\/09\/photo-2-360x284.jpg 360w\" sizes=\"auto, (max-width: 681px) 100vw, 681px\" itemprop=\"image\">Zakariae Derehem et Ayoub Sadni ont offert, ce samedi 4 septembre, Maroc sa deuxi\u00e8me et troisi\u00e8me m\u00e9dailles d\u2019or respectivement \u00e0 l\u2019\u00e9preuve du lancer du poids (classe F33) et des 400 m (classe T46-47) dans le cadre des Jeux paralympiques de Tokyo 2020. Apr\u00e8s la premi\u00e8re m\u00e9daille d\u2019or du Royaume offert<\/div>\n<p>Auteur: challenge<br \/>\n<a href=\"https:\/\/www.challenge.ma\/jeux-paralympiques-le-maroc-soffre-deux-nouvelles-medailles-dor-197466\/\">Cliquez ici pour lire l&rsquo;article depuis sa source.<\/a><\/p>\n","protected":false},"excerpt":{"rendered":"<p>Zakariae Derehem et Ayoub Sadni ont offert, ce samedi 4 septembre, Maroc sa deuxi\u00e8me et troisi\u00e8me m\u00e9dailles d\u2019or respectivement \u00e0 l\u2019\u00e9preuve du lancer du poids (classe F33) et des 400 m (classe T46-47) dans le cadre des Jeux paralympiques de Tokyo 2020. Apr\u00e8s la premi\u00e8re m\u00e9daille d\u2019or du Royaume offert Auteur: challenge Cliquez ici pour [&hellip;]<\/p>\n","protected":false},"author":1787,"featured_media":0,"comment_status":"closed","ping_status":"closed","sticky":false,"template":"","format":"standard","meta":{"fifu_image_url":"https:\/\/www.challenge.ma\/wp-content\/uploads\/2021\/09\/photo-2.jpg","fifu_image_alt":"Jeux paralympiques. Le Maroc s\u2019offre deux nouvelles m\u00e9dailles d\u2019or","footnotes":""},"categories":[78,54],"tags":[],"class_list":["post-126061","post","type-post","status-publish","format-standard","hentry","category-economie","category-maroc"],"_links":{"self":[{"href":"https:\/\/linitiative.ca\/International\/wp-json\/wp\/v2\/posts\/126061","targetHints":{"allow":["GET"]}}],"collection":[{"href":"https:\/\/linitiative.ca\/International\/wp-json\/wp\/v2\/posts"}],"about":[{"href":"https:\/\/linitiative.ca\/International\/wp-json\/wp\/v2\/types\/post"}],"author":[{"embeddable":true,"href":"https:\/\/linitiative.ca\/International\/wp-json\/wp\/v2\/users\/1787"}],"replies":[{"embeddable":true,"href":"https:\/\/linitiative.ca\/International\/wp-json\/wp\/v2\/comments?post=126061"}],"version-history":[{"count":0,"href":"https:\/\/linitiative.ca\/International\/wp-json\/wp\/v2\/posts\/126061\/revisions"}],"wp:attachment":[{"href":"https:\/\/linitiative.ca\/International\/wp-json\/wp\/v2\/media?parent=126061"}],"wp:term":[{"taxonomy":"category","embeddable":true,"href":"https:\/\/linitiative.ca\/International\/wp-json\/wp\/v2\/categories?post=126061"},{"taxonomy":"post_tag","embeddable":true,"href":"https:\/\/linitiative.ca\/International\/wp-json\/wp\/v2\/tags?post=126061"}],"curies":[{"name":"wp","href":"https:\/\/api.w.org\/{rel}","templated":true}]}}