{"id":126063,"date":"2021-09-04T16:14:02","date_gmt":"2021-09-04T20:14:02","guid":{"rendered":"https:\/\/linitiative.ca\/International\/tunisie-audio-chawki-tabib-appelle-a-etre-mis-sous-protection-policiere-et-a-beneficier-dun-proces-equitable\/"},"modified":"2021-09-04T16:14:02","modified_gmt":"2021-09-04T20:14:02","slug":"tunisie-audio-chawki-tabib-appelle-a-etre-mis-sous-protection-policiere-et-a-beneficier-dun-proces-equitable","status":"publish","type":"post","link":"https:\/\/linitiative.ca\/International\/tunisie-audio-chawki-tabib-appelle-a-etre-mis-sous-protection-policiere-et-a-beneficier-dun-proces-equitable\/","title":{"rendered":"Tunisie \u2013 AUDIO\u00a0: Chawki Tabib appelle \u00e0 \u00eatre mis sous protection polici\u00e8re et \u00e0 b\u00e9n\u00e9ficier d\u2019un proc\u00e8s \u00e9quitable"},"content":{"rendered":"<div>\n<p>L\u2019ancien b\u00e2tonnier et ex-pr\u00e9sident de l\u2019INLUCC, Chawki Tabib, a assur\u00e9, ce samedi, dans un entretien exclusif, accord\u00e9 \u00e0 TunisieNumerique, qu\u2019il est assign\u00e9 \u00e0 r\u00e9sidence surveill\u00e9e depuis le 20 ao\u00fbt dernier, sans aucun fondement judiciaire ni aucune d\u00e9cision qui lui permettrait d\u2019y opposer un recours. Il a consid\u00e9r\u00e9 son assignation comme ill\u00e9gale et contraire aux conventions [\u2026]<\/p>\n<p>L\u2019article <a href=\"https:\/\/www.tunisienumerique.com\/tunisie-audio-chawki-tabib-appelle-a-etre-mis-sous-protection-policiere-et-a-beneficier-dun-proces-equitable\/\">Tunisie \u2013 AUDIO\u00a0: Chawki Tabib appelle \u00e0 \u00eatre mis sous protection polici\u00e8re et \u00e0 b\u00e9n\u00e9ficier d\u2019un proc\u00e8s \u00e9quitable<\/a> est apparu en premier sur <a href=\"https:\/\/www.tunisienumerique.com\/\">Tunisie<\/a>.<\/p>\n<\/div>\n<p>Auteur: LM<br \/>\n<a href=\"https:\/\/www.tunisienumerique.com\/tunisie-audio-chawki-tabib-appelle-a-etre-mis-sous-protection-policiere-et-a-beneficier-dun-proces-equitable\/\">Cliquez ici pour lire l&rsquo;article depuis sa source.<\/a><\/p>\n","protected":false},"excerpt":{"rendered":"<p>L\u2019ancien b\u00e2tonnier et ex-pr\u00e9sident de l\u2019INLUCC, Chawki Tabib, a assur\u00e9, ce samedi, dans un entretien exclusif, accord\u00e9 \u00e0 TunisieNumerique, qu\u2019il est assign\u00e9 \u00e0 r\u00e9sidence surveill\u00e9e depuis le 20 ao\u00fbt dernier, sans aucun fondement judiciaire ni aucune d\u00e9cision qui lui permettrait d\u2019y opposer un recours. Il a consid\u00e9r\u00e9 son assignation comme ill\u00e9gale et contraire aux conventions [&hellip;]<\/p>\n","protected":false},"author":1789,"featured_media":0,"comment_status":"closed","ping_status":"closed","sticky":false,"template":"","format":"standard","meta":{"fifu_image_url":"","fifu_image_alt":"","footnotes":""},"categories":[73,55],"tags":[],"class_list":["post-126063","post","type-post","status-publish","format-standard","hentry","category-actualite","category-tunisie"],"_links":{"self":[{"href":"https:\/\/linitiative.ca\/International\/wp-json\/wp\/v2\/posts\/126063","targetHints":{"allow":["GET"]}}],"collection":[{"href":"https:\/\/linitiative.ca\/International\/wp-json\/wp\/v2\/posts"}],"about":[{"href":"https:\/\/linitiative.ca\/International\/wp-json\/wp\/v2\/types\/post"}],"author":[{"embeddable":true,"href":"https:\/\/linitiative.ca\/International\/wp-json\/wp\/v2\/users\/1789"}],"replies":[{"embeddable":true,"href":"https:\/\/linitiative.ca\/International\/wp-json\/wp\/v2\/comments?post=126063"}],"version-history":[{"count":0,"href":"https:\/\/linitiative.ca\/International\/wp-json\/wp\/v2\/posts\/126063\/revisions"}],"wp:attachment":[{"href":"https:\/\/linitiative.ca\/International\/wp-json\/wp\/v2\/media?parent=126063"}],"wp:term":[{"taxonomy":"category","embeddable":true,"href":"https:\/\/linitiative.ca\/International\/wp-json\/wp\/v2\/categories?post=126063"},{"taxonomy":"post_tag","embeddable":true,"href":"https:\/\/linitiative.ca\/International\/wp-json\/wp\/v2\/tags?post=126063"}],"curies":[{"name":"wp","href":"https:\/\/api.w.org\/{rel}","templated":true}]}}