{"id":126064,"date":"2021-09-04T16:22:43","date_gmt":"2021-09-04T20:22:43","guid":{"rendered":"https:\/\/linitiative.ca\/International\/tunisie-exclusif-marouane-abassi-de-nouveau-en-lice-pour-la-presidence-du-gouvernement\/"},"modified":"2021-09-04T16:22:43","modified_gmt":"2021-09-04T20:22:43","slug":"tunisie-exclusif-marouane-abassi-de-nouveau-en-lice-pour-la-presidence-du-gouvernement","status":"publish","type":"post","link":"https:\/\/linitiative.ca\/International\/tunisie-exclusif-marouane-abassi-de-nouveau-en-lice-pour-la-presidence-du-gouvernement\/","title":{"rendered":"Tunisie \u2013 Exclusif\u00a0: Marouane Abassi de nouveau en lice pour la pr\u00e9sidence du gouvernement"},"content":{"rendered":"<div>\n<p>De sources proches dupalais de Carthage, TunisieNumerique vient d\u2019apprendre que l\u2019actuel gouverneur de la Banque Centrale, Marouane Abassi, est de nouveau dans les starting-blocks de la course vers la pr\u00e9sidence du gouvernement. Son nom figure en bonne place parmi les dossiers des candidats sur le bureau de Ka\u00efs Sa\u00efed. Ce choix serait un signe de [\u2026]<\/p>\n<p>L\u2019article <a href=\"https:\/\/www.tunisienumerique.com\/tunisie-exclusif-marouane-abassi-de-nouveau-en-lice-pour-la-presidence-du-gouvernement\/\">Tunisie \u2013 Exclusif\u00a0: Marouane Abassi de nouveau en lice pour la pr\u00e9sidence du gouvernement<\/a> est apparu en premier sur <a href=\"https:\/\/www.tunisienumerique.com\/\">Tunisie<\/a>.<\/p>\n<\/div>\n<p>Auteur: LM<br \/>\n<a href=\"https:\/\/www.tunisienumerique.com\/tunisie-exclusif-marouane-abassi-de-nouveau-en-lice-pour-la-presidence-du-gouvernement\/\">Cliquez ici pour lire l&rsquo;article depuis sa source.<\/a><\/p>\n","protected":false},"excerpt":{"rendered":"<p>De sources proches dupalais de Carthage, TunisieNumerique vient d\u2019apprendre que l\u2019actuel gouverneur de la Banque Centrale, Marouane Abassi, est de nouveau dans les starting-blocks de la course vers la pr\u00e9sidence du gouvernement. Son nom figure en bonne place parmi les dossiers des candidats sur le bureau de Ka\u00efs Sa\u00efed. Ce choix serait un signe de [&hellip;]<\/p>\n","protected":false},"author":1789,"featured_media":0,"comment_status":"closed","ping_status":"closed","sticky":false,"template":"","format":"standard","meta":{"fifu_image_url":"","fifu_image_alt":"","footnotes":""},"categories":[73,55],"tags":[],"class_list":["post-126064","post","type-post","status-publish","format-standard","hentry","category-actualite","category-tunisie"],"_links":{"self":[{"href":"https:\/\/linitiative.ca\/International\/wp-json\/wp\/v2\/posts\/126064","targetHints":{"allow":["GET"]}}],"collection":[{"href":"https:\/\/linitiative.ca\/International\/wp-json\/wp\/v2\/posts"}],"about":[{"href":"https:\/\/linitiative.ca\/International\/wp-json\/wp\/v2\/types\/post"}],"author":[{"embeddable":true,"href":"https:\/\/linitiative.ca\/International\/wp-json\/wp\/v2\/users\/1789"}],"replies":[{"embeddable":true,"href":"https:\/\/linitiative.ca\/International\/wp-json\/wp\/v2\/comments?post=126064"}],"version-history":[{"count":0,"href":"https:\/\/linitiative.ca\/International\/wp-json\/wp\/v2\/posts\/126064\/revisions"}],"wp:attachment":[{"href":"https:\/\/linitiative.ca\/International\/wp-json\/wp\/v2\/media?parent=126064"}],"wp:term":[{"taxonomy":"category","embeddable":true,"href":"https:\/\/linitiative.ca\/International\/wp-json\/wp\/v2\/categories?post=126064"},{"taxonomy":"post_tag","embeddable":true,"href":"https:\/\/linitiative.ca\/International\/wp-json\/wp\/v2\/tags?post=126064"}],"curies":[{"name":"wp","href":"https:\/\/api.w.org\/{rel}","templated":true}]}}