{"id":126065,"date":"2021-09-04T16:30:22","date_gmt":"2021-09-04T20:30:22","guid":{"rendered":"https:\/\/linitiative.ca\/International\/tunisie-video-le-parti-des-travailleurs-tient-un-sit-in-contre-la-visite-dune-delegation-parlementaire-us-a-tunis\/"},"modified":"2021-09-04T16:30:22","modified_gmt":"2021-09-04T20:30:22","slug":"tunisie-video-le-parti-des-travailleurs-tient-un-sit-in-contre-la-visite-dune-delegation-parlementaire-us-a-tunis","status":"publish","type":"post","link":"https:\/\/linitiative.ca\/International\/tunisie-video-le-parti-des-travailleurs-tient-un-sit-in-contre-la-visite-dune-delegation-parlementaire-us-a-tunis\/","title":{"rendered":"Tunisie \u2013 VIDEO\u00a0: Le parti des travailleurs tient un sit-in contre la visite d\u2019une d\u00e9l\u00e9gation parlementaire US \u00e0 Tunis"},"content":{"rendered":"<div>\n<p>Quelques partisans du parti des travailleurs ont tenu, ce samedi, matin, un sit in devant le th\u00e9\u00e2tre municipal de Tunis, pour condamner l\u2019actuelle visite d\u2019une d\u00e9l\u00e9gation parlementaire am\u00e9ricaine \u00e0 Tunis. Ils refusent l\u2019ing\u00e9rence am\u00e9ricaine dans les affaires politiques internes du pays.<\/p>\n<p>L\u2019article <a href=\"https:\/\/www.tunisienumerique.com\/tunisie-video-le-parti-des-travailleurs-tient-un-sit-in-contre-la-visite-dune-delegation-parlementaire-us-a-tunis\/\">Tunisie \u2013 VIDEO\u00a0: Le parti des travailleurs tient un sit-in contre la visite d\u2019une d\u00e9l\u00e9gation parlementaire US \u00e0 Tunis<\/a> est apparu en premier sur <a href=\"https:\/\/www.tunisienumerique.com\/\">Tunisie<\/a>.<\/p>\n<\/div>\n<p>Auteur: LM<br \/>\n<a href=\"https:\/\/www.tunisienumerique.com\/tunisie-video-le-parti-des-travailleurs-tient-un-sit-in-contre-la-visite-dune-delegation-parlementaire-us-a-tunis\/\">Cliquez ici pour lire l&rsquo;article depuis sa source.<\/a><\/p>\n","protected":false},"excerpt":{"rendered":"<p>Quelques partisans du parti des travailleurs ont tenu, ce samedi, matin, un sit in devant le th\u00e9\u00e2tre municipal de Tunis, pour condamner l\u2019actuelle visite d\u2019une d\u00e9l\u00e9gation parlementaire am\u00e9ricaine \u00e0 Tunis. Ils refusent l\u2019ing\u00e9rence am\u00e9ricaine dans les affaires politiques internes du pays. L\u2019article Tunisie \u2013 VIDEO\u00a0: Le parti des travailleurs tient un sit-in contre la visite [&hellip;]<\/p>\n","protected":false},"author":1789,"featured_media":0,"comment_status":"closed","ping_status":"closed","sticky":false,"template":"","format":"standard","meta":{"fifu_image_url":"","fifu_image_alt":"","footnotes":""},"categories":[73,55],"tags":[],"class_list":["post-126065","post","type-post","status-publish","format-standard","hentry","category-actualite","category-tunisie"],"_links":{"self":[{"href":"https:\/\/linitiative.ca\/International\/wp-json\/wp\/v2\/posts\/126065","targetHints":{"allow":["GET"]}}],"collection":[{"href":"https:\/\/linitiative.ca\/International\/wp-json\/wp\/v2\/posts"}],"about":[{"href":"https:\/\/linitiative.ca\/International\/wp-json\/wp\/v2\/types\/post"}],"author":[{"embeddable":true,"href":"https:\/\/linitiative.ca\/International\/wp-json\/wp\/v2\/users\/1789"}],"replies":[{"embeddable":true,"href":"https:\/\/linitiative.ca\/International\/wp-json\/wp\/v2\/comments?post=126065"}],"version-history":[{"count":0,"href":"https:\/\/linitiative.ca\/International\/wp-json\/wp\/v2\/posts\/126065\/revisions"}],"wp:attachment":[{"href":"https:\/\/linitiative.ca\/International\/wp-json\/wp\/v2\/media?parent=126065"}],"wp:term":[{"taxonomy":"category","embeddable":true,"href":"https:\/\/linitiative.ca\/International\/wp-json\/wp\/v2\/categories?post=126065"},{"taxonomy":"post_tag","embeddable":true,"href":"https:\/\/linitiative.ca\/International\/wp-json\/wp\/v2\/tags?post=126065"}],"curies":[{"name":"wp","href":"https:\/\/api.w.org\/{rel}","templated":true}]}}