{"id":126070,"date":"2021-09-04T07:18:01","date_gmt":"2021-09-04T11:18:01","guid":{"rendered":"https:\/\/linitiative.ca\/International\/les-prochaines-elections-au-menu-des-hebdomadaires-marocains\/"},"modified":"2021-09-04T07:18:01","modified_gmt":"2021-09-04T11:18:01","slug":"les-prochaines-elections-au-menu-des-hebdomadaires-marocains","status":"publish","type":"post","link":"https:\/\/linitiative.ca\/International\/les-prochaines-elections-au-menu-des-hebdomadaires-marocains\/","title":{"rendered":"Les prochaines \u00e9lections au menu des hebdomadaires marocains"},"content":{"rendered":"<div>\n<p><img loading=\"lazy\" decoding=\"async\" width=\"287\" height=\"176\" src=\"https:\/\/linitiative.ca\/International\/wp-content\/uploads\/sites\/23\/2021\/09\/16307542829628.jpg\" class=\"attachment-post-thumbnail size-post-thumbnail wp-post-image\" alt=\"\"><\/p>\n<p>Les enjeux des prochaines \u00e9lections, pr\u00e9vues le 8 septembre, sont le sujet principal trait\u00e9 par la presse hebdomadaire marocaine parue ce samedi.+Challenge+ \u00e9crit que le Roi Mohammed VI a dans son discours du 20 ao\u00fbt, insist\u00e9 sur la participation aux \u00e9lections pour que les instances repr\u00e9sentatives prennent toute leur part dans cet objectif d&rsquo;affirmation et de r\u00e9sistance face aux contingences ext\u00e9rieures.<\/p>\n<p>Les \u00e9lections du 8 septembre sont un moment cl\u00e9 de cette rentr\u00e9e car on en attend des majorit\u00e9s homog\u00e8nes, des programmes clairs, mais surtout une participation massive, explique la publication, relevant que le Maroc affrontera les dangers ext\u00e9rieurs non pas dans un esprit guerrier, mais dans un esprit de dialogue respectueux.<\/p>\n<p>\u00ab\u00a0Pour cela, il faut que toutes les composantes soient au niveau de ce d\u00e9fi. L&rsquo;engagement doit \u00eatre le ma\u00eetre mot\u00a0\u00bb, fait-il observer.<\/p>\n<p>+La Vie \u00e9co+ souligne que les partis politiques s&rsquo;activent comme ils peuvent sur le terrain malgr\u00e9 une conjoncture sanitaire contraignante qui p\u00e8se sur la campagne \u00e9lectorale, ajoutant que m\u00eame avec un dispositif r\u00e9duit sur le terrain, les moyens digitaux et num\u00e9riques ont permis de compenser largement cet handicap.<\/p>\n<p>En se rabattant sur les r\u00e9seaux sociaux, les partis politiques qui ont su comment les activer et les exploiter ont pu mobiliser et toucher des franges de la population plus larges et plus importantes en nombre que ce que leur permettent des meetings sur le terrain, constate le journal, soutenant que le digital et les r\u00e9seaux sociaux ne constituent pas la solution \u00e0 eux seuls, parce qu&rsquo;ils ne sont qu&rsquo;un canal, un support pour lequel il faut \u00e9videmment du bon contenu.<\/p>\n<p>\u00ab\u00a0L&rsquo;acte de se d\u00e9placer le jour du vote est le seul et unique moyen pour le citoyen de faire valoir son droit \u00e0 demander une reddition des comptes \u00e0 ceux qui seront demain \u00e9lus, que ce soit au niveau local, r\u00e9gional ou national\u00a0\u00bb, conclut-il.<\/p>\n<p>Au registre sanitaire, +L&rsquo;Opinion+ croit savoir que la premi\u00e8re dose du vaccin chinois Sinopharm, fabriqu\u00e9e au Maroc par la soci\u00e9t\u00e9 Sothema, verra le jour en d\u00e9cembre 2021, selon des sources proches du dossier.<\/p>\n<p>\u00abTout est pr\u00eat pour assurer la production du vaccin Sinopharm, qui va non-seulement booster la r\u00e9silience sanitaire du Maroc, mais va \u00e9galement renforcer les campagnes de vaccination en Afrique, dont plusieurs pays d\u00e9pendent en majeure partie des envois du programme Covax\u00bb, indique le quotidien, citant les m\u00eames sources.<\/p>\n<p>Rappelons que le projet mis en branle vise \u00e0 d\u00e9marrer \u00e0 court terme avec une capacit\u00e9 de production mensuelle de 5 millions de doses de vaccin anti Covid-19, avant de passer \u00e0 la vitesse sup\u00e9rieure \u00e0 moyen terme.<\/p>\n<p>Cet article <a rel=\"nofollow\" href=\"https:\/\/www.journalducameroun.com\/les-prochaines-elections-au-menu-des-hebdomadaires-marocains\/\">Les prochaines \u00e9lections au menu des hebdomadaires marocains<\/a> est apparu en premier sur <a rel=\"nofollow\" href=\"https:\/\/www.journalducameroun.com\/\">Journal du Cameroun<\/a>.<\/p>\n<\/div>\n<p>Auteur: APA News<br \/>\n<a href=\"https:\/\/www.journalducameroun.com\/les-prochaines-elections-au-menu-des-hebdomadaires-marocains\/\">Cliquez ici pour lire l&rsquo;article depuis sa source.<\/a><\/p>\n","protected":false},"excerpt":{"rendered":"<p>Les enjeux des prochaines \u00e9lections, pr\u00e9vues le 8 septembre, sont le sujet principal trait\u00e9 par la presse hebdomadaire marocaine parue ce samedi.+Challenge+ \u00e9crit que le Roi Mohammed VI a dans son discours du 20 ao\u00fbt, insist\u00e9 sur la participation aux \u00e9lections pour que les instances repr\u00e9sentatives prennent toute leur part dans cet objectif d&rsquo;affirmation et [&hellip;]<\/p>\n","protected":false},"author":1965,"featured_media":0,"comment_status":"closed","ping_status":"closed","sticky":false,"template":"","format":"standard","meta":{"fifu_image_url":"https:\/\/www.journalducameroun.com\/wp-content\/uploads\/2021\/09\/16307542829628.jpg","fifu_image_alt":"Les prochaines \u00e9lections au menu des hebdomadaires marocains","footnotes":""},"categories":[73,82],"tags":[],"class_list":["post-126070","post","type-post","status-publish","format-standard","hentry","category-actualite","category-cameroun"],"_links":{"self":[{"href":"https:\/\/linitiative.ca\/International\/wp-json\/wp\/v2\/posts\/126070","targetHints":{"allow":["GET"]}}],"collection":[{"href":"https:\/\/linitiative.ca\/International\/wp-json\/wp\/v2\/posts"}],"about":[{"href":"https:\/\/linitiative.ca\/International\/wp-json\/wp\/v2\/types\/post"}],"author":[{"embeddable":true,"href":"https:\/\/linitiative.ca\/International\/wp-json\/wp\/v2\/users\/1965"}],"replies":[{"embeddable":true,"href":"https:\/\/linitiative.ca\/International\/wp-json\/wp\/v2\/comments?post=126070"}],"version-history":[{"count":0,"href":"https:\/\/linitiative.ca\/International\/wp-json\/wp\/v2\/posts\/126070\/revisions"}],"wp:attachment":[{"href":"https:\/\/linitiative.ca\/International\/wp-json\/wp\/v2\/media?parent=126070"}],"wp:term":[{"taxonomy":"category","embeddable":true,"href":"https:\/\/linitiative.ca\/International\/wp-json\/wp\/v2\/categories?post=126070"},{"taxonomy":"post_tag","embeddable":true,"href":"https:\/\/linitiative.ca\/International\/wp-json\/wp\/v2\/tags?post=126070"}],"curies":[{"name":"wp","href":"https:\/\/api.w.org\/{rel}","templated":true}]}}