{"id":126074,"date":"2021-09-04T13:18:02","date_gmt":"2021-09-04T17:18:02","guid":{"rendered":"https:\/\/linitiative.ca\/International\/le-vaccin-anti-covid-19-exige-au-cabinet-du-ministre-ivoirien-de-la-sante\/"},"modified":"2021-09-04T13:18:02","modified_gmt":"2021-09-04T17:18:02","slug":"le-vaccin-anti-covid-19-exige-au-cabinet-du-ministre-ivoirien-de-la-sante","status":"publish","type":"post","link":"https:\/\/linitiative.ca\/International\/le-vaccin-anti-covid-19-exige-au-cabinet-du-ministre-ivoirien-de-la-sante\/","title":{"rendered":"Le vaccin anti Covid-19 exig\u00e9 au Cabinet du ministre ivoirien de la Sant\u00e9"},"content":{"rendered":"<div>\n<p><img loading=\"lazy\" decoding=\"async\" width=\"800\" height=\"533\" src=\"https:\/\/linitiative.ca\/International\/wp-content\/uploads\/sites\/23\/2021\/09\/16307758832981.jpg\" class=\"attachment-post-thumbnail size-post-thumbnail wp-post-image\" alt=\"\" srcset=\"https:\/\/linitiative.ca\/International\/wp-content\/uploads\/sites\/23\/2021\/09\/16307758832981.jpg 800w, https:\/\/www.journalducameroun.com\/wp-content\/uploads\/2021\/09\/16307758832981-300x200.jpg 300w, https:\/\/www.journalducameroun.com\/wp-content\/uploads\/2021\/09\/16307758832981-768x512.jpg 768w, https:\/\/www.journalducameroun.com\/wp-content\/uploads\/2021\/09\/16307758832981-660x440.jpg 660w, https:\/\/www.journalducameroun.com\/wp-content\/uploads\/2021\/09\/16307758832981-600x400.jpg 600w\" sizes=\"auto, (max-width: 800px) 100vw, 800px\"><\/p>\n<p>Le vaccin anti Covid-19 et le port de masque facial sont exig\u00e9s d\u00e8s le 6 septembre 2021 avant l&rsquo;acc\u00e8s au Cabinet du ministre ivoirien de la Sant\u00e9, de l&rsquo;hygi\u00e8ne publique et de la couverture maladie universelle, pour les usagers et le personnel, selon une note.<\/p>\n<p>\u00ab\u00a0Il est demand\u00e9 \u00e0 l&rsquo;ensemble des usagers et du personnel du minist\u00e8re de la Sant\u00e9, de l&rsquo;hygi\u00e8ne publique et de la couverture maladie universelle de se faire vacciner et porter obligatoirement un masque facial \u00e0 partir du lundi 6 septembre 2021, sous peine de se voir refuser l&rsquo;acc\u00e8s au Cabinet\u00a0\u00bb, indique la note.<\/p>\n<p>La note cible le personnel des entit\u00e9s du minist\u00e8re de la Sant\u00e9, de l&rsquo;hygi\u00e8ne publique et de la couverture maladie universelle concern\u00e9 par cette mesure:\u00a0directions g\u00e9n\u00e9rales, directions centrales, programmes et services.\u00a0<\/p>\n<p>La C\u00f4te d&rsquo;Ivoire conna\u00eet une vague de cas positifs ces derniers temps. Le pays qui compte atteindre une couverture vaccinale de plus de 60%, s&rsquo;approvisionne en vaccins anti Covid-19 administr\u00e9 gratuitement aux populations. \u00a0<\/p>\n<p>Quelque 108.000 doses du vaccin Johnson&amp;Johnson r\u00e9ceptionn\u00e9s jeudi par la C\u00f4te d&rsquo;Ivoire portent \u00e0 2, 555 millions doses que le pays a re\u00e7ues. Sur 7,8 millions de doses du vaccin Johnson&amp;Johnson command\u00e9es,\u00a03,5 millions sont attendues d&rsquo;ici \u00e0 d\u00e9cembre. \u00a0<\/p>\n<p>La d\u00e9cision du minist\u00e8re date du 3 septembre 2021. Quelques 87 nouveaux cas de Covid-19 sur 3 272 \u00e9chantillons pr\u00e9lev\u00e9s ont \u00e9t\u00e9 notifi\u00e9s, soit 2,6 % de cas positifs, 138 gu\u00e9ris et 4 d\u00e9c\u00e8s le vendredi 03 septembre 2021.<\/p>\n<p>A la date du 3 septembre 2021, le pays compte 56 608 cas confirm\u00e9s dont 54 292 personnes gu\u00e9ries, 455 d\u00e9c\u00e8s et 1 861 cas actifs. Le 2 septembre, 16 068 doses de vaccin ont \u00e9t\u00e9 administr\u00e9es soit un total de 1 404 020 doses du 1er mars au 2 septembre.\u00a0<\/p>\n<p>Cet article <a rel=\"nofollow\" href=\"https:\/\/www.journalducameroun.com\/le-vaccin-anti-covid-19-exige-au-cabinet-du-ministre-ivoirien-de-la-sante\/\">Le vaccin anti Covid-19 exig\u00e9 au Cabinet du ministre ivoirien de la Sant\u00e9<\/a> est apparu en premier sur <a rel=\"nofollow\" href=\"https:\/\/www.journalducameroun.com\/\">Journal du Cameroun<\/a>.<\/p>\n<\/div>\n<p>Auteur: APA News<br \/>\n<a href=\"https:\/\/www.journalducameroun.com\/le-vaccin-anti-covid-19-exige-au-cabinet-du-ministre-ivoirien-de-la-sante\/\">Cliquez ici pour lire l&rsquo;article depuis sa source.<\/a><\/p>\n","protected":false},"excerpt":{"rendered":"<p>Le vaccin anti Covid-19 et le port de masque facial sont exig\u00e9s d\u00e8s le 6 septembre 2021 avant l&rsquo;acc\u00e8s au Cabinet du ministre ivoirien de la Sant\u00e9, de l&rsquo;hygi\u00e8ne publique et de la couverture maladie universelle, pour les usagers et le personnel, selon une note. \u00ab\u00a0Il est demand\u00e9 \u00e0 l&rsquo;ensemble des usagers et du personnel [&hellip;]<\/p>\n","protected":false},"author":1965,"featured_media":0,"comment_status":"closed","ping_status":"closed","sticky":false,"template":"","format":"standard","meta":{"fifu_image_url":"https:\/\/www.journalducameroun.com\/wp-content\/uploads\/2021\/09\/16307758832981.jpg","fifu_image_alt":"Le vaccin anti Covid-19 exig\u00e9 au Cabinet du ministre ivoirien de la Sant\u00e9","footnotes":""},"categories":[73,82],"tags":[],"class_list":["post-126074","post","type-post","status-publish","format-standard","hentry","category-actualite","category-cameroun"],"_links":{"self":[{"href":"https:\/\/linitiative.ca\/International\/wp-json\/wp\/v2\/posts\/126074","targetHints":{"allow":["GET"]}}],"collection":[{"href":"https:\/\/linitiative.ca\/International\/wp-json\/wp\/v2\/posts"}],"about":[{"href":"https:\/\/linitiative.ca\/International\/wp-json\/wp\/v2\/types\/post"}],"author":[{"embeddable":true,"href":"https:\/\/linitiative.ca\/International\/wp-json\/wp\/v2\/users\/1965"}],"replies":[{"embeddable":true,"href":"https:\/\/linitiative.ca\/International\/wp-json\/wp\/v2\/comments?post=126074"}],"version-history":[{"count":0,"href":"https:\/\/linitiative.ca\/International\/wp-json\/wp\/v2\/posts\/126074\/revisions"}],"wp:attachment":[{"href":"https:\/\/linitiative.ca\/International\/wp-json\/wp\/v2\/media?parent=126074"}],"wp:term":[{"taxonomy":"category","embeddable":true,"href":"https:\/\/linitiative.ca\/International\/wp-json\/wp\/v2\/categories?post=126074"},{"taxonomy":"post_tag","embeddable":true,"href":"https:\/\/linitiative.ca\/International\/wp-json\/wp\/v2\/tags?post=126074"}],"curies":[{"name":"wp","href":"https:\/\/api.w.org\/{rel}","templated":true}]}}