{"id":126076,"date":"2021-09-04T13:18:02","date_gmt":"2021-09-04T17:18:02","guid":{"rendered":"https:\/\/linitiative.ca\/International\/jeux-paralympiques-les-ivoiriens-rentrent-bredouille-de-tokyo\/"},"modified":"2021-09-04T13:18:02","modified_gmt":"2021-09-04T17:18:02","slug":"jeux-paralympiques-les-ivoiriens-rentrent-bredouille-de-tokyo","status":"publish","type":"post","link":"https:\/\/linitiative.ca\/International\/jeux-paralympiques-les-ivoiriens-rentrent-bredouille-de-tokyo\/","title":{"rendered":"Jeux paralympiques: les ivoiriens rentrent bredouille de Tokyo"},"content":{"rendered":"<div>\n<p><img loading=\"lazy\" decoding=\"async\" width=\"710\" height=\"533\" src=\"https:\/\/linitiative.ca\/International\/wp-content\/uploads\/sites\/23\/2021\/09\/16307758824737.jpg\" class=\"attachment-post-thumbnail size-post-thumbnail wp-post-image\" alt=\"\" srcset=\"https:\/\/linitiative.ca\/International\/wp-content\/uploads\/sites\/23\/2021\/09\/16307758824737.jpg 710w, https:\/\/www.journalducameroun.com\/wp-content\/uploads\/2021\/09\/16307758824737-300x225.jpg 300w, https:\/\/www.journalducameroun.com\/wp-content\/uploads\/2021\/09\/16307758824737-586x440.jpg 586w, https:\/\/www.journalducameroun.com\/wp-content\/uploads\/2021\/09\/16307758824737-600x450.jpg 600w\" sizes=\"auto, (max-width: 710px) 100vw, 710px\"><\/p>\n<p>L&rsquo;\u00e9quipe nationale de C\u00f4te d&rsquo;Ivoire a achev\u00e9 sa participation \u00e0 la 16\u00e8 \u00e9dition des Jeux paralympiques de Tokyo apr\u00e8s sa double d\u00e9faite en finales du javelot F41 hommes et du lancer du poids F40 femmes, disput\u00e9es samedi, dans la capitale Japonaise.<\/p>\n<p>Les deux derni\u00e8res chances de m\u00e9dailles pour la C\u00f4te d&rsquo;Ivoire encore en lice \u00e0 Tokyo se sont donc inclin\u00e9es ce samedi. Il s&rsquo;agit des para athl\u00e8tes Ye Kah Michel et Sebehe Clarisse Lago. Ye Kah a fini \u00e0 la 8\u00e8 place sur 8 \u00e0 l&rsquo;issue de la finale du lancer de javelot dans la cat\u00e9gorie F41 (personne de petite taille).<\/p>\n<p>Quant \u00e0 Clarisse Lago, elle n&rsquo;a pas pris part \u00e0 la finale du lancer de poids F40 femmes, pour laquelle elle \u00e9tait pourtant qualifi\u00e9e.<\/p>\n<p>Le tableau r\u00e9capitulatif des jeux paralympiques Tokyo 2021 affiche donc z\u00e9ro breloque pour les ivoiriens apr\u00e8s 4 d\u00e9faites cons\u00e9cutives depuis l&rsquo;ouverture des jeux le 24 ao\u00fbt dernier.<\/p>\n<p>Le lundi 30 ao\u00fbt dernier, Ye Kah Michel avait termin\u00e9 \u00e0 la 7\u00e8 place \u00e0 l&rsquo;issue de la finale du lancer de poids dans la cat\u00e9gorie F41.<\/p>\n<p>Trois jours avant, soit le vendredi 27 ao\u00fbt, Adou Herv\u00e9 Ano \u00e9tait tomb\u00e9 en finale des moins de 65kg en Halt\u00e9rophilie, se contentant du 5\u00e8 rang.<\/p>\n<p>Ye Kah Michel, Adou Herv\u00e9 Ano et Sebehe Clarisse Lago \u00e9taient les 3 athl\u00e8tes ivoiriens en lice aux paralympiques de Tokyo 2021 dont la c\u00e9r\u00e9monie de cl\u00f4ture est pr\u00e9vue pour le dimanche 5 septembre 2021.<\/p>\n<p>La C\u00f4te d&rsquo;Ivoire participe aux Jeux paralympiques depuis les Jeux d&rsquo;\u00e9t\u00e9 de 1996 \u00e0 Atlanta. Le pays compte \u00e0 ce jour 3 m\u00e9daill\u00e9s paralympiques.<\/p>\n<p>Il s&rsquo;agit de Oumar Basakoulba Kon\u00e9, le seul Ivoirien champion paralympique, avec trois m\u00e9dailles d&rsquo;or \u00e0 son palmar\u00e8s, respectivement glan\u00e9es \u00e0 Atlanta 1996 (400m T42-46 et 800m T44-46) et Sidney 2000 (800m T46).<\/p>\n<p>Paul Fernand Kra Koffi, m\u00e9daill\u00e9 de bronze aux 800m dans la cat\u00e9gorie T12 (malvoyant) \u00e0 Sidney 2000.<\/p>\n<p>Et enfin Fatimata Brigitte Diasso, m\u00e9daill\u00e9e d&rsquo;argent au saut en longueur femmes cat\u00e9gorie T11 (malvoyant) avec son saut de 4,89m \u00e0 Rio 2016.<\/p>\n<p>Les jeux paralympiques r\u00e9unissent des athl\u00e8tes vivant avec handicap de tous les pays affili\u00e9s au Comit\u00e9 international paralympique (CIP) pour des \u00e9preuves handisports.<\/p>\n<p>Y participent, des handicap\u00e9s physiques ou visuels (amput\u00e9s, aveugles, infirmes moteurs c\u00e9r\u00e9braux ou en fauteuil roulant\u2026etc.) ainsi que des handicap\u00e9s mentaux.<\/p>\n<p>Ces jeux sont organis\u00e9s par le Comit\u00e9 internationale paralympique tous les 4 ans \u00e0 la suite des Jeux olympiques.<\/p>\n<p>Cet article <a rel=\"nofollow\" href=\"https:\/\/www.journalducameroun.com\/jeux-paralympiques-les-ivoiriens-rentrent-bredouille-de-tokyo\/\">Jeux paralympiques: les ivoiriens rentrent bredouille de Tokyo<\/a> est apparu en premier sur <a rel=\"nofollow\" href=\"https:\/\/www.journalducameroun.com\/\">Journal du Cameroun<\/a>.<\/p>\n<\/div>\n<p>Auteur: APA News<br \/>\n<a href=\"https:\/\/www.journalducameroun.com\/jeux-paralympiques-les-ivoiriens-rentrent-bredouille-de-tokyo\/\">Cliquez ici pour lire l&rsquo;article depuis sa source.<\/a><\/p>\n","protected":false},"excerpt":{"rendered":"<p>L&rsquo;\u00e9quipe nationale de C\u00f4te d&rsquo;Ivoire a achev\u00e9 sa participation \u00e0 la 16\u00e8 \u00e9dition des Jeux paralympiques de Tokyo apr\u00e8s sa double d\u00e9faite en finales du javelot F41 hommes et du lancer du poids F40 femmes, disput\u00e9es samedi, dans la capitale Japonaise. Les deux derni\u00e8res chances de m\u00e9dailles pour la C\u00f4te d&rsquo;Ivoire encore en lice \u00e0 [&hellip;]<\/p>\n","protected":false},"author":1965,"featured_media":0,"comment_status":"closed","ping_status":"closed","sticky":false,"template":"","format":"standard","meta":{"fifu_image_url":"https:\/\/www.journalducameroun.com\/wp-content\/uploads\/2021\/09\/16307758824737.jpg","fifu_image_alt":"Jeux paralympiques: les ivoiriens rentrent bredouille de Tokyo","footnotes":""},"categories":[73,82],"tags":[],"class_list":["post-126076","post","type-post","status-publish","format-standard","hentry","category-actualite","category-cameroun"],"_links":{"self":[{"href":"https:\/\/linitiative.ca\/International\/wp-json\/wp\/v2\/posts\/126076","targetHints":{"allow":["GET"]}}],"collection":[{"href":"https:\/\/linitiative.ca\/International\/wp-json\/wp\/v2\/posts"}],"about":[{"href":"https:\/\/linitiative.ca\/International\/wp-json\/wp\/v2\/types\/post"}],"author":[{"embeddable":true,"href":"https:\/\/linitiative.ca\/International\/wp-json\/wp\/v2\/users\/1965"}],"replies":[{"embeddable":true,"href":"https:\/\/linitiative.ca\/International\/wp-json\/wp\/v2\/comments?post=126076"}],"version-history":[{"count":0,"href":"https:\/\/linitiative.ca\/International\/wp-json\/wp\/v2\/posts\/126076\/revisions"}],"wp:attachment":[{"href":"https:\/\/linitiative.ca\/International\/wp-json\/wp\/v2\/media?parent=126076"}],"wp:term":[{"taxonomy":"category","embeddable":true,"href":"https:\/\/linitiative.ca\/International\/wp-json\/wp\/v2\/categories?post=126076"},{"taxonomy":"post_tag","embeddable":true,"href":"https:\/\/linitiative.ca\/International\/wp-json\/wp\/v2\/tags?post=126076"}],"curies":[{"name":"wp","href":"https:\/\/api.w.org\/{rel}","templated":true}]}}