{"id":126079,"date":"2021-09-04T12:00:31","date_gmt":"2021-09-04T16:00:31","guid":{"rendered":"https:\/\/linitiative.ca\/International\/la-situation-epidemiologique-au-4-septembre-2021-a-16h00\/"},"modified":"2021-09-04T12:00:31","modified_gmt":"2021-09-04T16:00:31","slug":"la-situation-epidemiologique-au-4-septembre-2021-a-16h00","status":"publish","type":"post","link":"https:\/\/linitiative.ca\/International\/la-situation-epidemiologique-au-4-septembre-2021-a-16h00\/","title":{"rendered":"La situation \u00e9pid\u00e9miologique au 4 septembre 2021 \u00e0 16H00"},"content":{"rendered":"<div>\n<p><img decoding=\"async\" width=\"300\" height=\"153\" src=\"https:\/\/linitiative.ca\/International\/wp-content\/uploads\/sites\/23\/2021\/09\/Coronavirus-covid19-300x153-1.jpg\" class=\"attachment-medium size-medium wp-post-image\" alt=\"\" loading=\"lazy\" srcset=\"\/\/aujourdhui.ma\/wp-content\/uploads\/2021\/08\/Coronavirus-covid19-300x153.jpg 300w, \/\/aujourdhui.ma\/wp-content\/uploads\/2021\/08\/Coronavirus-covid19-274x140.jpg 274w, \/\/aujourdhui.ma\/wp-content\/uploads\/2021\/08\/Coronavirus-covid19.jpg 746w, \/\/aujourdhui.ma\/wp-content\/uploads\/2021\/08\/Coronavirus-covid19-165x84.jpg 165w, \/\/aujourdhui.ma\/wp-content\/uploads\/2021\/08\/Coronavirus-covid19-702x358.jpg 702w\" sizes=\"auto, (max-width: 300px) 100vw, 300px\"><\/p>\n<p>4.310 nouveaux cas soit un cumul de 881.042 cas \u00e0 ce jour.<\/p>\n<p>4.926 gu\u00e9risons soit un cumul de 818.596 \u00e0 ce jour.<br \/>\n70 nouveaux d\u00e9c\u00e8s donc un cumul de 12.993 \u00e0 ce jour.<\/p>\n<p><a href=\"https:\/\/linitiative.ca\/International\/wp-content\/uploads\/sites\/23\/2021\/09\/IMG-20210904-WA0036.jpg\"><img decoding=\"async\" loading=\"lazy\" class=\"aligncenter size-full wp-image-385793\" src=\"https:\/\/linitiative.ca\/International\/wp-content\/uploads\/sites\/23\/2021\/09\/IMG-20210904-WA0036.jpg\" alt=\"\" width=\"1145\" height=\"1511\" srcset=\"\/\/aujourdhui.ma\/wp-content\/uploads\/2021\/09\/IMG-20210904-WA0036.jpg 1145w, \/\/aujourdhui.ma\/wp-content\/uploads\/2021\/09\/IMG-20210904-WA0036-227x300.jpg 227w, \/\/aujourdhui.ma\/wp-content\/uploads\/2021\/09\/IMG-20210904-WA0036-776x1024.jpg 776w, \/\/aujourdhui.ma\/wp-content\/uploads\/2021\/09\/IMG-20210904-WA0036-768x1013.jpg 768w\" sizes=\"auto, (max-width: 1145px) 100vw, 1145px\"><\/a> <a href=\"https:\/\/linitiative.ca\/International\/wp-content\/uploads\/sites\/23\/2021\/09\/IMG-20210904-WA0037.jpg\"><img decoding=\"async\" loading=\"lazy\" class=\"aligncenter size-full wp-image-385794\" src=\"https:\/\/linitiative.ca\/International\/wp-content\/uploads\/sites\/23\/2021\/09\/IMG-20210904-WA0037.jpg\" alt=\"\" width=\"1170\" height=\"1560\" srcset=\"\/\/aujourdhui.ma\/wp-content\/uploads\/2021\/09\/IMG-20210904-WA0037.jpg 1170w, \/\/aujourdhui.ma\/wp-content\/uploads\/2021\/09\/IMG-20210904-WA0037-225x300.jpg 225w, \/\/aujourdhui.ma\/wp-content\/uploads\/2021\/09\/IMG-20210904-WA0037-768x1024.jpg 768w, \/\/aujourdhui.ma\/wp-content\/uploads\/2021\/09\/IMG-20210904-WA0037-1152x1536.jpg 1152w\" sizes=\"auto, (max-width: 1170px) 100vw, 1170px\"><\/a> <a href=\"https:\/\/linitiative.ca\/International\/wp-content\/uploads\/sites\/23\/2021\/09\/IMG-20210904-WA0038.jpg\"><img decoding=\"async\" loading=\"lazy\" class=\"aligncenter size-full wp-image-385795\" src=\"https:\/\/linitiative.ca\/International\/wp-content\/uploads\/sites\/23\/2021\/09\/IMG-20210904-WA0038.jpg\" alt=\"\" width=\"1141\" height=\"1600\" srcset=\"\/\/aujourdhui.ma\/wp-content\/uploads\/2021\/09\/IMG-20210904-WA0038.jpg 1141w, \/\/aujourdhui.ma\/wp-content\/uploads\/2021\/09\/IMG-20210904-WA0038-214x300.jpg 214w, \/\/aujourdhui.ma\/wp-content\/uploads\/2021\/09\/IMG-20210904-WA0038-730x1024.jpg 730w, \/\/aujourdhui.ma\/wp-content\/uploads\/2021\/09\/IMG-20210904-WA0038-768x1077.jpg 768w, \/\/aujourdhui.ma\/wp-content\/uploads\/2021\/09\/IMG-20210904-WA0038-1095x1536.jpg 1095w\" sizes=\"auto, (max-width: 1141px) 100vw, 1141px\"><\/a> <a href=\"https:\/\/linitiative.ca\/International\/wp-content\/uploads\/sites\/23\/2021\/09\/IMG-20210904-WA0039.jpg\"><img decoding=\"async\" loading=\"lazy\" class=\"aligncenter size-full wp-image-385796\" src=\"https:\/\/linitiative.ca\/International\/wp-content\/uploads\/sites\/23\/2021\/09\/IMG-20210904-WA0039.jpg\" alt=\"\" width=\"911\" height=\"1600\" srcset=\"\/\/aujourdhui.ma\/wp-content\/uploads\/2021\/09\/IMG-20210904-WA0039.jpg 911w, \/\/aujourdhui.ma\/wp-content\/uploads\/2021\/09\/IMG-20210904-WA0039-171x300.jpg 171w, \/\/aujourdhui.ma\/wp-content\/uploads\/2021\/09\/IMG-20210904-WA0039-583x1024.jpg 583w, \/\/aujourdhui.ma\/wp-content\/uploads\/2021\/09\/IMG-20210904-WA0039-768x1349.jpg 768w, \/\/aujourdhui.ma\/wp-content\/uploads\/2021\/09\/IMG-20210904-WA0039-875x1536.jpg 875w\" sizes=\"auto, (max-width: 911px) 100vw, 911px\"><\/a><\/p>\n<p>\u00a0<\/p>\n<\/div>\n<p>Auteur: ALM<br \/>\n<a href=\"https:\/\/aujourdhui.ma\/actualite\/la-situation-epidemiologique-au-4-septembre-2021-a-16h00\">Cliquez ici pour lire l&rsquo;article depuis sa source.<\/a><\/p>\n","protected":false},"excerpt":{"rendered":"<p>4.310 nouveaux cas soit un cumul de 881.042 cas \u00e0 ce jour. 4.926 gu\u00e9risons soit un cumul de 818.596 \u00e0 ce jour. 70 nouveaux d\u00e9c\u00e8s donc un cumul de 12.993 \u00e0 ce jour. \u00a0 Auteur: ALM Cliquez ici pour lire l&rsquo;article depuis sa source.<\/p>\n","protected":false},"author":1759,"featured_media":0,"comment_status":"closed","ping_status":"closed","sticky":false,"template":"","format":"standard","meta":{"fifu_image_url":"https:\/\/aujourdhui.ma\/wp-content\/uploads\/2021\/08\/Coronavirus-covid19-300x153.jpg","fifu_image_alt":"La situation \u00e9pid\u00e9miologique au 4 septembre 2021 \u00e0 16H00","footnotes":""},"categories":[73,54],"tags":[],"class_list":["post-126079","post","type-post","status-publish","format-standard","hentry","category-actualite","category-maroc"],"_links":{"self":[{"href":"https:\/\/linitiative.ca\/International\/wp-json\/wp\/v2\/posts\/126079","targetHints":{"allow":["GET"]}}],"collection":[{"href":"https:\/\/linitiative.ca\/International\/wp-json\/wp\/v2\/posts"}],"about":[{"href":"https:\/\/linitiative.ca\/International\/wp-json\/wp\/v2\/types\/post"}],"author":[{"embeddable":true,"href":"https:\/\/linitiative.ca\/International\/wp-json\/wp\/v2\/users\/1759"}],"replies":[{"embeddable":true,"href":"https:\/\/linitiative.ca\/International\/wp-json\/wp\/v2\/comments?post=126079"}],"version-history":[{"count":0,"href":"https:\/\/linitiative.ca\/International\/wp-json\/wp\/v2\/posts\/126079\/revisions"}],"wp:attachment":[{"href":"https:\/\/linitiative.ca\/International\/wp-json\/wp\/v2\/media?parent=126079"}],"wp:term":[{"taxonomy":"category","embeddable":true,"href":"https:\/\/linitiative.ca\/International\/wp-json\/wp\/v2\/categories?post=126079"},{"taxonomy":"post_tag","embeddable":true,"href":"https:\/\/linitiative.ca\/International\/wp-json\/wp\/v2\/tags?post=126079"}],"curies":[{"name":"wp","href":"https:\/\/api.w.org\/{rel}","templated":true}]}}